{"id":1042,"date":"2020-04-30T19:01:08","date_gmt":"2020-04-30T19:01:08","guid":{"rendered":"http:\/\/sergiosachicompositor.com\/?p=1042"},"modified":"2020-04-30T19:01:08","modified_gmt":"2020-04-30T19:01:08","slug":"o-novo-album-do-grupo-espirituoso-coracao-do-mundo","status":"publish","type":"post","link":"http:\/\/sergiosachicompositor.com\/?p=1042","title":{"rendered":"O Novo \u00c1lbum do Grupo &#8220;Espirituoso&#8221; &#8211; &#8220;CORA\u00c7\u00c3O DO MUNDO&#8221;"},"content":{"rendered":"<p style=\"text-align: left;\">SERGIO SACHI integra tamb\u00e9m o Grupo Espirituoso &#8211; um conjunto musical cuja proposta \u00e9, acima de tudo, oferecer m\u00fasica de alta qualidade, com especial foco na MPB. Neste \u00e1lbum, o grupo celebra a brasilidade, em decorr\u00eancia da necessidade de contribuir para que n\u00f3s, brasileiros, nos lembremos de quem realmente somos. \u00c9 um trabalho que celebra, acima de tudo, a identidade e a alma brasileira. E nada melhor do que faz\u00ea-lo atravb\u00e9s do que mais nos representa mundo afora: a nossa M\u00fasica.<\/p>\n<p style=\"text-align: center;\"><a href=\"https:\/\/tratore.com.br\/um_cd.php?id=20993\" target=\"_blank\" rel=\"noopener\">OU\u00c7A AS PR\u00c9VIAS E ADQUIRA O \u00c1LBUM &#8211; CLIQUE AQUI<\/a><\/p>\n<p style=\"text-align: center;\"><a href=\"https:\/\/www.cifraclub.com.br\/sergio-sachi-e-grupo-espirituoso\/coracao-do-mundo\/\" target=\"_blank\" rel=\"noopener\">AQUI A LETRA DE &#8220;CORA\u00c7\u00c3O DO MUNDO&#8221; NO CIFRA CLUB (Aprenda a Tocar)<\/a><\/p>\n<p style=\"text-align: center;\"><a href=\"https:\/\/www.youtube.com\/watch?v=RDQY_ktG-Co\" target=\"_blank\" rel=\"noopener\">YOUTUBE &#8211; ASSISTA AO V\u00cdDEO E INSCREVA-SE<\/a><\/p>\n<p><img loading=\"lazy\" class=\"size-medium wp-image-1043 aligncenter\" src=\"http:\/\/sergiosachicompositor.com\/wp-content\/uploads\/2020\/04\/CAPA-CORA\u00c7\u00c3O-DO-MUNDO.JPG-300x300.jpg\" alt=\"\" width=\"300\" height=\"300\" srcset=\"http:\/\/sergiosachicompositor.com\/wp-content\/uploads\/2020\/04\/CAPA-CORA\u00c7\u00c3O-DO-MUNDO.JPG-300x300.jpg 300w, http:\/\/sergiosachicompositor.com\/wp-content\/uploads\/2020\/04\/CAPA-CORA\u00c7\u00c3O-DO-MUNDO.JPG-768x768.jpg 768w, http:\/\/sergiosachicompositor.com\/wp-content\/uploads\/2020\/04\/CAPA-CORA\u00c7\u00c3O-DO-MUNDO.JPG-1024x1024.jpg 1024w, http:\/\/sergiosachicompositor.com\/wp-content\/uploads\/2020\/04\/CAPA-CORA\u00c7\u00c3O-DO-MUNDO.JPG-150x150.jpg 150w, http:\/\/sergiosachicompositor.com\/wp-content\/uploads\/2020\/04\/CAPA-CORA\u00c7\u00c3O-DO-MUNDO.JPG.jpg 1400w\" sizes=\"(max-width: 300px) 100vw, 300px\" \/><\/p>\n<p>&nbsp;<\/p>\n","protected":false},"excerpt":{"rendered":"<p>SERGIO SACHI integra tamb\u00e9m o Grupo Espirituoso &#8211; um conjunto musical cuja proposta \u00e9, acima de tudo, oferecer <a class=\"read-more\" href=\"http:\/\/sergiosachicompositor.com\/?p=1042\">&#8230; Read more<\/a><\/p>\n","protected":false},"author":1,"featured_media":1043,"comment_status":"open","ping_status":"open","sticky":false,"template":"","format":"standard","meta":[],"categories":[1],"tags":[],"_links":{"self":[{"href":"http:\/\/sergiosachicompositor.com\/index.php?rest_route=\/wp\/v2\/posts\/1042"}],"collection":[{"href":"http:\/\/sergiosachicompositor.com\/index.php?rest_route=\/wp\/v2\/posts"}],"about":[{"href":"http:\/\/sergiosachicompositor.com\/index.php?rest_route=\/wp\/v2\/types\/post"}],"author":[{"embeddable":true,"href":"http:\/\/sergiosachicompositor.com\/index.php?rest_route=\/wp\/v2\/users\/1"}],"replies":[{"embeddable":true,"href":"http:\/\/sergiosachicompositor.com\/index.php?rest_route=%2Fwp%2Fv2%2Fcomments&post=1042"}],"version-history":[{"count":1,"href":"http:\/\/sergiosachicompositor.com\/index.php?rest_route=\/wp\/v2\/posts\/1042\/revisions"}],"predecessor-version":[{"id":1044,"href":"http:\/\/sergiosachicompositor.com\/index.php?rest_route=\/wp\/v2\/posts\/1042\/revisions\/1044"}],"wp:featuredmedia":[{"embeddable":true,"href":"http:\/\/sergiosachicompositor.com\/index.php?rest_route=\/wp\/v2\/media\/1043"}],"wp:attachment":[{"href":"http:\/\/sergiosachicompositor.com\/index.php?rest_route=%2Fwp%2Fv2%2Fmedia&parent=1042"}],"wp:term":[{"taxonomy":"category","embeddable":true,"href":"http:\/\/sergiosachicompositor.com\/index.php?rest_route=%2Fwp%2Fv2%2Fcategories&post=1042"},{"taxonomy":"post_tag","embeddable":true,"href":"http:\/\/sergiosachicompositor.com\/index.php?rest_route=%2Fwp%2Fv2%2Ftags&post=1042"}],"curies":[{"name":"wp","href":"https:\/\/api.w.org\/{rel}","templated":true}]}}