{"id":346,"date":"2016-11-23T18:08:09","date_gmt":"2016-11-23T18:08:09","guid":{"rendered":"http:\/\/sergiosachicompositor.com\/?p=346"},"modified":"2017-01-18T22:17:20","modified_gmt":"2017-01-18T22:17:20","slug":"musica-brasileira-forca-da-mpb-por-sergio-sachi","status":"publish","type":"post","link":"http:\/\/sergiosachicompositor.com\/?p=346","title":{"rendered":"M\u00daSICA BRASILEIRA &#8211; A FOR\u00c7A DA MPB (por Sergio Sachi)"},"content":{"rendered":"<p><img loading=\"lazy\" class=\"size-medium wp-image-347 alignleft\" src=\"http:\/\/sergiosachicompositor.com\/wp-content\/uploads\/2016\/11\/partitura1-300x225.jpg\" alt=\"partitura1\" width=\"300\" height=\"225\" \/><\/p>\n<p><strong><em>M\u00daSICA BRASILEIRA &#8211; A FOR\u00c7A DA MPB.<\/em><\/strong><\/p>\n<p><em>N\u00e3o sem raz\u00e3o, a M\u00fasica Brasileira, e em especia a MPB, tornou-se, sem exageros, patrim\u00f4nio cultural da Humanidade.<\/em><\/p>\n<p><em>A diversidade da MPB, as caracter\u00edsticas da M\u00fasica Brasileira, sua inesgot\u00e1vel riqueza, empurraram-na para o topo no panorama mundial, e isso em um meio onde sobram talentos. Alguns fatos ilustram essa constata\u00e7\u00e3o. Em certa ocasi\u00e3o, o saudoso Johnny Alf revelou algo que poucos brasileiros conhecem. Segundo ele, no in\u00edcio dos anos 60, quando os Beatles iniciavam sua trajet\u00f3ria mete\u00f3rica, &#8220;a \u00fanica m\u00fasica que disputou pau a pau com eles nas paradas norte-americanas foi &#8230; A BOSSA NOVA&#8221;. Ent\u00e3o, estavam l\u00e1, nas r\u00e1dios americanas, &#8220;I wanna hold your hand&#8221; e &#8220;Garota de Ipanema&#8221;. Com uma expressiva diferen\u00e7a: os Beatles contavam com, al\u00e9m do seu talento, \u00e9 claro, a for\u00e7a de uma muito bem pensada campanha de marketing, criada pelo seu empres\u00e1rio Brian Epstein. Por outro lado, Tom Jobim &amp; Cia. tinham a seu favor apenas a originalidade. Um outro fato: o cantor Ney Matogrosso afirmou, numa entrevista para Roberto D\u00e1vila, que &#8220;a MPB \u00e9 \u00edcone em todos os lugares do mundo por onde passei, e isso sem contar com a for\u00e7a dos d\u00f3lares, que compram espa\u00e7os na m\u00eddia&#8230;&#8221; Da\u00ed, concluimos que a M\u00fasica Brasileira \u00e9 ouvida e reverenciada mundo afora unicamente porque \u00e9, de fato, muito especial.<\/em><\/p>\n<p>&nbsp;<\/p>\n<p><em><strong>RIQUEZA E DIVERSIDADE DA MPB<\/strong><\/em><\/p>\n<p><em>Quem, entre n\u00f3s, seria capaz de enumerar os incont\u00e1veis ritmos e estilos que comp\u00f5em nossa M\u00fasica? O Brasil \u00e9 um Pa\u00eds continental e, nas suas diversas regi\u00f5es, mostra manifesta\u00e7\u00f5es de ritmos e estilos que beiram o infinito. Quer exemplos? M\u00fasica Caipira, Bai\u00e3o, Xaxado, Forr\u00f3, Samba, Bossa Nova, Modinha, Chorinho, e por a\u00ed vai. Compositores Brasileiros, populares e eruditos, t\u00eam a\u00ed um inesgot\u00e1vel material para dar forma \u00e0s suas cria\u00e7\u00f5es. \u00c9 M\u00fasica para todos os gostos, e em todos os estilos! S\u00e3o tantas as manifesta\u00e7\u00f5es na nossa \u00e1rea musical que \u00e9 imposs\u00edvel abarcar toda essa informa\u00e7\u00e3o de uma \u00fanica vez. A esse respeito, precisamos lembar de uma afirma\u00e7\u00e3o de Caetano Veloso: &#8220;&#8230;na verdade a M\u00fasica Brasileira \u00e9 t\u00e3o diversificada que ningu\u00e9m est\u00e1 autorizado a falar em nome dela&#8221;.<\/em><\/p>\n<p><em>N\u00e3o. N\u00e3o podemos falar &#8220;em nome dela&#8221;, mas &#8220;sobre ela&#8221;, sim.<\/em><\/p>\n<p><em>Neste site &#8211; mera gota d\u00e1gua no oceano &#8211; propusemo-nos a contribuir para a circula\u00e7\u00e3o da M\u00fasica Brasileira. Estar\u00e3o expostos aqui diversos artigos, abordando categorias como Compositores Brasileiros, Violonistas Brasileiros, Int\u00e9rpretes Brasileiros, Novos Talentos da MPB, Hist\u00f3ria da M\u00fasica Brasileira, Opini\u00e3o, e muito mais.<\/em><\/p>\n<p><em>Voc\u00ea est\u00e1 convidado(a) a nos acompanhar nessa vertiginosa viagem. E tamb\u00e9m, \u00e9 claro, \u00a0a enriquecer-nos com suas opini\u00f5es, cr\u00edticas e sugest\u00f5es.<\/em><\/p>\n<p><em>VENHA COM A GENTE, e SEJA BEM VINDO(A)!<\/em><\/p>\n<p>&nbsp;<\/p>\n<p style=\"text-align: center;\"><em><strong>QUER GANHAR INTEIRAMENTE GR\u00c1TIS O E-BOOK<\/strong><\/em><\/p>\n<p style=\"text-align: center;\"><em><strong>&#8220;A CELA E O VOO&#8221; COM TODAS AS LETRAS DAS CAN\u00c7\u00d5ES<\/strong><\/em><\/p>\n<p style=\"text-align: center;\"><em><strong>DESTE \u00daLTIMO \u00c1LBUM DE SERGIO SACHI?<\/strong><\/em><\/p>\n<p style=\"text-align: center;\"><img loading=\"lazy\" class=\"alignnone size-medium wp-image-423\" src=\"http:\/\/sergiosachicompositor.com\/wp-content\/uploads\/2016\/09\/capa3Dcelavoo-300x281-1-300x281-1-300x281-1-300x281-1-300x281-1-300x281-1-300x281.jpg\" alt=\"rp_capa3Dcelavoo-300x281-1-300x281-1-300x281-1-300x281-1-300x281-1-300x281.jpg\" width=\"300\" height=\"281\" \/><\/p>\n<p style=\"text-align: center;\"><em><strong>\u00c9 S\u00d3 DEIXAR SEU NOME E ENDERE\u00c7O DE E-MAIL<\/strong><\/em><\/p>\n<p style=\"text-align: center;\"><em><strong>NO FORMUL\u00c1RIO, NO CANTO SUPERIOR DIREITO DESTA P\u00c1GINA.<\/strong><\/em><\/p>\n<p style=\"text-align: center;\"><em><strong>APROVEITE! VOC\u00ca VAI CURTIR MUITO.<\/strong><\/em><\/p>\n<p>&nbsp;<\/p>\n<p>&nbsp;<\/p>\n<p>&nbsp;<\/p>\n<p>&nbsp;<\/p>\n","protected":false},"excerpt":{"rendered":"<p>M\u00daSICA BRASILEIRA &#8211; A FOR\u00c7A DA MPB. N\u00e3o sem raz\u00e3o, a M\u00fasica Brasileira, e em especia a MPB, <a class=\"read-more\" href=\"http:\/\/sergiosachicompositor.com\/?p=346\">&#8230; Read more<\/a><\/p>\n","protected":false},"author":1,"featured_media":0,"comment_status":"open","ping_status":"open","sticky":false,"template":"","format":"standard","meta":[],"categories":[10,1],"tags":[31,22,33,21,24,35,25,23,29,27,18,34,14,11,13,30,15,12,19,17,16,28,20,26,32],"_links":{"self":[{"href":"http:\/\/sergiosachicompositor.com\/index.php?rest_route=\/wp\/v2\/posts\/346"}],"collection":[{"href":"http:\/\/sergiosachicompositor.com\/index.php?rest_route=\/wp\/v2\/posts"}],"about":[{"href":"http:\/\/sergiosachicompositor.com\/index.php?rest_route=\/wp\/v2\/types\/post"}],"author":[{"embeddable":true,"href":"http:\/\/sergiosachicompositor.com\/index.php?rest_route=\/wp\/v2\/users\/1"}],"replies":[{"embeddable":true,"href":"http:\/\/sergiosachicompositor.com\/index.php?rest_route=%2Fwp%2Fv2%2Fcomments&post=346"}],"version-history":[{"count":6,"href":"http:\/\/sergiosachicompositor.com\/index.php?rest_route=\/wp\/v2\/posts\/346\/revisions"}],"predecessor-version":[{"id":451,"href":"http:\/\/sergiosachicompositor.com\/index.php?rest_route=\/wp\/v2\/posts\/346\/revisions\/451"}],"wp:attachment":[{"href":"http:\/\/sergiosachicompositor.com\/index.php?rest_route=%2Fwp%2Fv2%2Fmedia&parent=346"}],"wp:term":[{"taxonomy":"category","embeddable":true,"href":"http:\/\/sergiosachicompositor.com\/index.php?rest_route=%2Fwp%2Fv2%2Fcategories&post=346"},{"taxonomy":"post_tag","embeddable":true,"href":"http:\/\/sergiosachicompositor.com\/index.php?rest_route=%2Fwp%2Fv2%2Ftags&post=346"}],"curies":[{"name":"wp","href":"https:\/\/api.w.org\/{rel}","templated":true}]}}