{"id":360,"date":"2016-11-24T17:47:59","date_gmt":"2016-11-24T17:47:59","guid":{"rendered":"http:\/\/sergiosachicompositor.com\/?p=360"},"modified":"2017-01-18T22:05:04","modified_gmt":"2017-01-18T22:05:04","slug":"violao-e-mpb-um-casamento-e-tanto","status":"publish","type":"post","link":"http:\/\/sergiosachicompositor.com\/?p=360","title":{"rendered":"VIOL\u00c3O e MPB &#8211; UM CASAMENTO E TANTO! (por Sergio Sachi)"},"content":{"rendered":"<p><img loading=\"lazy\" class=\"size-medium wp-image-43 alignleft\" src=\"http:\/\/sergiosachicompositor.com\/wp-content\/uploads\/2016\/08\/partitura5-300x166.jpg\" alt=\"partitura5\" width=\"300\" height=\"166\" srcset=\"http:\/\/sergiosachicompositor.com\/wp-content\/uploads\/2016\/08\/partitura5-300x166.jpg 300w, http:\/\/sergiosachicompositor.com\/wp-content\/uploads\/2016\/08\/partitura5.jpg 696w\" sizes=\"(max-width: 300px) 100vw, 300px\" \/><\/p>\n<p>&nbsp;<\/p>\n<p>&nbsp;<\/p>\n<p><strong>O VIOL\u00c3O e a M\u00daSICA POPULAR BRASILEIRA: um casamento muito bem sucedido.<\/strong><\/p>\n<p><em>\u00a0 \u00a0 \u00a0 \u00a0 \u00a0 Responda r\u00e1pido: \u00e9 poss\u00edvel dissociar a MPB, ou a M\u00fasica Brasileira em geral do viol\u00e3o?<\/em><\/p>\n<p><em>\u00a0 \u00a0 \u00a0A resposta \u00e9 \u00f3bvia: um sonoro N\u00c3O.<\/em><\/p>\n<p><em>\u00a0 \u00a0 \u00a0Mas&#8230; quais, afinal, s\u00e3o as raz\u00f5es que explicam e justificam este fato. \u00a0Neste artigo, vamos explicar o porqu\u00ea deste fen\u00f4meno, ou expor pelo menos, algumas das raz\u00f5es principais que engendraram essa muito feliz associa\u00e7\u00e3o.<\/em><\/p>\n<p><em>\u00a0 \u00a0 \u00a0Na verdade, esse &#8220;namoro de almas g\u00eameas&#8221; tem ra\u00edzes hist\u00f3ricas, e vem de longa data. Dir\u00edamos at\u00e9, que muito antes de o Brasil ter sido inventado, o viol\u00e3o j\u00e1 lan\u00e7ava suas ra\u00edzes na cultura brasileira.<\/em><\/p>\n<p><em>\u00a0 \u00a0 \u00a0Dizem os estudiosos que este conceito funcional, que levou ao viol\u00e3o dos nossos dias, tem suas ra\u00edzes j\u00e1 na Antiguidade. Segundo eles, os antepassados do viol\u00e3o j\u00e1 desempenhavam papel importante naqueles tempos. Ent\u00e3o Marco Polo &#8211; o viajante-mercador &#8211; j\u00e1 trouxera em suas in\u00fameras viagens, para a Europa, um instrumento musical de nome Kithar &#8211; uma caixa ac\u00fastica sobre a qual vibravam cordas estendidas, confeccionadas com tripas de carneiro (pobres carneirinhos!). Esse instrumento era oriundo das Ar\u00e1bias (Oriente M\u00e9dio), e despertava bastante aten\u00e7\u00e3o entre os europeus. Com a invas\u00e3o dos mouros na Pen\u00ednsula Ib\u00e9rica (s\u00e9culos XII e XII), este instrumento, com diversas varia\u00e7\u00f5es em sua confec\u00e7\u00e3o, passou a tornar-se mais popular entre os habitantes locais. Com as viagens e deslocamentos constantes dos mouros pela Europa (antecessores dos povos ciganos), o instrumento popularizou-se ainda \u00a0mais, j\u00e1 na Fran\u00e7a, It\u00e1lia, favorecendo o papel dos trovadores \u00a0e menestr\u00e9is, que compunham suas can\u00e7\u00f5es profanas apoiando-se na sua sonoridade. No s\u00e9culo XIX o instrumento ganhou o formato em &#8220;8&#8221;, como \u00e9 conhecido hoje.\u00a0Esta provid\u00eancia ofereceu ganhos bastante significativos no que se refere \u00e0 amplifica\u00e7\u00e3o da sua sonoridade. Lembremo-nos que o Brasil, apesar da sua Independ\u00eancia, mantinha ainda fortes la\u00e7os com Portugal.<\/em><\/p>\n<p><em>\u00a0 \u00a0 \u00a0O que podemos deduzir dessa breve hist\u00f3ria? Simples: o viol\u00e3o sempre esteve vinculado \u00e0s classes mais pobres &#8211; ciganos, trovadores, menestr\u00e9is&#8230; E isso, pela sua praticidade. Al\u00e9m de tratar-se de um instrumento harm\u00f4nico, com vastas possibilidades sonoras, \u00e9&#8230; &#8220;port\u00e1til&#8221;. Pode facilmente ser transportado. Bastante diferente, portanto, do piano. E no Brasil dos tempos da inaugura\u00e7\u00e3o da Rep\u00fablica, e tamb\u00e9m do in\u00edcio do s\u00e9culo XX, j\u00e1 estava nitidamente dividido em classes sociais &#8211; ricos e pobres. Assim, as mo\u00e7oilas casadouras das elites estudavam piano, muitas vezes com professores importados da Europa. Por outro lado, os pobres, negros, mulatos, e \u00a0deserdados de toda a sorte, encontravam no viol\u00e3o um belo parceiro com quem podiam dividir suas m\u00e1goas e expressar suas id\u00e9ias.<\/em><\/p>\n<p><em>\u00a0 \u00a0 \u00a0Assim, podemos concluir que a vincula\u00e7\u00e3o do viol\u00e3o com a M\u00fasica Brasileira tem raz\u00f5es intrinsecamente econ\u00f4micas. Por\u00e9m, n\u00e3o \u00e9 s\u00f3 isso. H\u00e1 um outro fato que explica as raz\u00f5es do casamento perfeito entre MPB e viol\u00e3o: sonoridade. A sonoridade do viol\u00e3o casa-se de forma impec\u00e1vel com as manifesta\u00e7\u00f5es musicais do povo brasileiro. Seu som aveludado e doce oferece aos compositores brasileiros uma ampla gama de possibilidades. N\u00e3o sem raz\u00e3o, nosso grande compositor Heitor Villa-Lobos dedicou muitas p\u00e1ginas de suas cria\u00e7\u00f5es ao viol\u00e3o. S\u00e3o mundialmente conhecidos seus &#8220;Estudos&#8221;, suas &#8220;Su\u00edtes&#8221;, Concertos e pe\u00e7as avulsas, tendo o viol\u00e3o como protagonista principal. E tamanha \u00e9 a import\u00e2ncia da sua Obra, que Tom Jobim disse, certa vez, que &#8220;sem Villa-Lobos, n\u00e3o teria existido a Bossa Nova&#8221;.<\/em><\/p>\n<p><em>\u00a0 \u00a0 \u00a0O Viol\u00e3o tem, portanto, tamanha import\u00e2ncia para a nossa M\u00fasica, que \u00e9 conhecida, mundo afora, a marca &#8220;Viol\u00e3o Brasileiro&#8221;. Para ilustrar, voc\u00ea sabia que nossa Escola \u00e9 uma das 4 principais do mundo? Para muitos estudiosos, temos, ent\u00e3o, 4 grandes &#8220;Escolas do Viol\u00e3o&#8221; &#8211; Viol\u00e3o Cl\u00e1ssico, Viol\u00e3o Jazz\u00edstico (EUA), Viol\u00e3o Flamenco (Andaluzia\/Espanha) e&#8230; VIOL\u00c3O BRASILEIRO.<\/em><\/p>\n<p>ORGULHE-SE! Voc\u00ea est\u00e1 no BRASIL!<\/p>\n<p>&nbsp;<\/p>\n<p>(AGUARDE NOVOS ARTIGOS QUE SER\u00c3O PUBLICADOS NA CATEGORIA &#8220;VIOL\u00c3O BRASILEIRO&#8221;).<\/p>\n<p>&nbsp;<\/p>\n<p><strong>PARA ILUSTRAR, ASSISTA AOS V\u00cdDEOS <em>(veja s\u00f3 o que elas e eles aprontam):<\/em><\/strong><\/p>\n<p><strong><a href=\"https:\/\/www.youtube.com\/watch?v=CBMe9foIuR0\">BADI ASSAD &#8211; &#8220;Ai que Saudade D\u00b4Oc\u00ea&#8221;<\/a><\/strong><\/p>\n<p><strong><a href=\"https:\/\/www.youtube.com\/watch?v=eX11drBBzvE\">JO\u00c3O BOSCO &#8211; &#8220;Bala com Bala&#8221;<\/a><\/strong><\/p>\n<p><strong><a href=\"https:\/\/www.youtube.com\/watch?v=1B7NT1MCD2c\">EGBERTO GISMONTI &#8211; &#8220;Em Fam\u00edlia&#8221; (10 Cordas)<\/a><\/strong><\/p>\n<p><strong><a href=\"https:\/\/www.youtube.com\/watch?v=70b1pNxMvHc\">BADEN POWELL &#8211; &#8220;Consola\u00e7\u00e3o\/Canto de Ossanha&#8221;<\/a><\/strong><\/p>\n<p><strong><a href=\"https:\/\/www.youtube.com\/watch?v=vNPJ7hZMnPI\">\u00c2NGELA MUNER &#8211; &#8220;Ch\u00f4ros No.1&#8221; de Heitor Villa-Lobos<\/a><\/strong><\/p>\n<p>&nbsp;<\/p>\n<p style=\"text-align: center;\"><em><strong>QUER GANHAR INTEIRAMENTE GR\u00c1TIS O E-BOOK<\/strong><\/em><\/p>\n<p style=\"text-align: center;\"><em><strong>&#8220;A CELA E O V\u00d4O&#8221; COM TODAS ASLETRAS DAS CAN\u00c7\u00d5ES<\/strong><\/em><\/p>\n<p style=\"text-align: center;\"><em><strong>DESTE \u00daLTIMO \u00c1LBUM DE SERGIO SACHI?<\/strong><\/em><\/p>\n<p style=\"text-align: center;\"><img loading=\"lazy\" class=\"alignnone size-medium wp-image-423\" src=\"http:\/\/sergiosachicompositor.com\/wp-content\/uploads\/2016\/09\/capa3Dcelavoo-300x281-1-300x281-1-300x281-1-300x281-1-300x281-1-300x281-1-300x281.jpg\" alt=\"rp_capa3Dcelavoo-300x281-1-300x281-1-300x281-1-300x281-1-300x281-1-300x281.jpg\" width=\"300\" height=\"281\" \/><\/p>\n<p style=\"text-align: center;\">\u00c9 S\u00d3 DEIXAR SEU NOME E ENDERE\u00c7O DE E-MAIL<\/p>\n<p style=\"text-align: center;\">NO FORMUL\u00c1RIO, NO CANTO SUPERIOR DIREITO DESTA P\u00c1GINA.<\/p>\n<p style=\"text-align: center;\">APROVEITE! VOC\u00ca VAI CURTIR MUITO.<\/p>\n<p style=\"text-align: center;\">\n<p>&nbsp;<\/p>\n<p>&nbsp;<\/p>\n<p>&nbsp;<\/p>\n<p>&nbsp;<\/p>\n<p>&nbsp;<\/p>\n<p>&nbsp;<\/p>\n<p>&nbsp;<\/p>\n","protected":false},"excerpt":{"rendered":"<p>&nbsp; &nbsp; O VIOL\u00c3O e a M\u00daSICA POPULAR BRASILEIRA: um casamento muito bem sucedido. \u00a0 \u00a0 \u00a0 \u00a0 <a class=\"read-more\" href=\"http:\/\/sergiosachicompositor.com\/?p=360\">&#8230; Read more<\/a><\/p>\n","protected":false},"author":1,"featured_media":0,"comment_status":"open","ping_status":"open","sticky":false,"template":"","format":"standard","meta":[],"categories":[53],"tags":[67,64,63,25,58,66,62,65,14,13,54,55,60,59,61,56,57],"_links":{"self":[{"href":"http:\/\/sergiosachicompositor.com\/index.php?rest_route=\/wp\/v2\/posts\/360"}],"collection":[{"href":"http:\/\/sergiosachicompositor.com\/index.php?rest_route=\/wp\/v2\/posts"}],"about":[{"href":"http:\/\/sergiosachicompositor.com\/index.php?rest_route=\/wp\/v2\/types\/post"}],"author":[{"embeddable":true,"href":"http:\/\/sergiosachicompositor.com\/index.php?rest_route=\/wp\/v2\/users\/1"}],"replies":[{"embeddable":true,"href":"http:\/\/sergiosachicompositor.com\/index.php?rest_route=%2Fwp%2Fv2%2Fcomments&post=360"}],"version-history":[{"count":5,"href":"http:\/\/sergiosachicompositor.com\/index.php?rest_route=\/wp\/v2\/posts\/360\/revisions"}],"predecessor-version":[{"id":449,"href":"http:\/\/sergiosachicompositor.com\/index.php?rest_route=\/wp\/v2\/posts\/360\/revisions\/449"}],"wp:attachment":[{"href":"http:\/\/sergiosachicompositor.com\/index.php?rest_route=%2Fwp%2Fv2%2Fmedia&parent=360"}],"wp:term":[{"taxonomy":"category","embeddable":true,"href":"http:\/\/sergiosachicompositor.com\/index.php?rest_route=%2Fwp%2Fv2%2Fcategories&post=360"},{"taxonomy":"post_tag","embeddable":true,"href":"http:\/\/sergiosachicompositor.com\/index.php?rest_route=%2Fwp%2Fv2%2Ftags&post=360"}],"curies":[{"name":"wp","href":"https:\/\/api.w.org\/{rel}","templated":true}]}}