{"id":387,"date":"2016-11-29T21:44:16","date_gmt":"2016-11-29T21:44:16","guid":{"rendered":"http:\/\/sergiosachicompositor.com\/?p=387"},"modified":"2017-01-18T21:57:39","modified_gmt":"2017-01-18T21:57:39","slug":"heitor-villa-lobos-o-divisor-de-aguas-na-musica-brasileira","status":"publish","type":"post","link":"http:\/\/sergiosachicompositor.com\/?p=387","title":{"rendered":"HEITOR VILLA-LOBOS &#8211;  &#8220;divisor de \u00e1guas&#8221; na M\u00fasica Brasileira"},"content":{"rendered":"<p><strong><img loading=\"lazy\" class=\"size-medium wp-image-380 alignleft\" src=\"http:\/\/sergiosachicompositor.com\/wp-content\/uploads\/2016\/11\/villa-lobos4-300x250.jpg\" alt=\"villa-lobos4\" width=\"300\" height=\"250\" \/>HEITOR VILLA-LOBOS<\/strong><\/p>\n<p><strong>Compositor e Maestro<\/strong><\/p>\n<p><strong>Um &#8220;divisor de \u00e1guas&#8221;<\/strong><\/p>\n<p><strong>na M\u00fasica Brasileira<\/strong><!--more--><\/p>\n<p>HEITOR VILLA-LOBOS &#8211; expoente m\u00e1ximo do seleto &#8220;clube dos compositores&#8221; de alto n\u00edvel da M\u00fasica Brasileira.<\/p>\n<p><em>Dizem, alguns te\u00f3ricos do comportamento humano, que &#8220;a Humanidade pode ser dividida em dois grandes grupos &#8211; o primeiro, formado por aqueles que n\u00e3o deixam como lembran\u00e7a nada al\u00e9m de detritos, formado pela esmagadora maioria, e o segundo, pelos luminares da ra\u00e7a humana, que deixam atr\u00e1s de si um grande rastro de luz, contribuindo de forma decisiva para o avan\u00e7o da Humanidade&#8221;. Quando falamos de Villa-Lobos, devemos obrigatoriamente inser\u00ed-lo no segundo grupo.<\/em><\/p>\n<p><em>Villa-Lobos nasceu no Rio de Janeiro no dia 5\/03\/1887, falecendo tamb\u00e9m no Rio em 17\/11\/1959, \u00a0e \u00e9 hoje considerado por muitos o grande &#8220;divisor de \u00e1guas&#8221; da M\u00fasica Brasileira. Isso n\u00e3o s\u00f3 por sua dedica\u00e7\u00e3o \u00e0 arte musical no Brasil &#8211; fruto de seu talento e de seus ideais art\u00edsticos que geraram uma extensa e admir\u00e1vel Obra &#8211; mas tamb\u00e9m por sua dedica\u00e7\u00e3o \u00e0 dissemina\u00e7\u00e3o do ensino musical nas escolas brasileiras.<\/em><\/p>\n<p><em>N\u00e3o sem raz\u00e3o, a data de seu nascimento \u00e9 considerada no Brasil o &#8220;Dia Nacional da M\u00fasica Cl\u00e1ssica&#8221;.<\/em><\/p>\n<p><em><strong>POR QU\u00ca &#8220;DIVISOR DE \u00c1GUAS&#8221;?<\/strong><\/em><\/p>\n<p><em>De fato, Villa-Lobos \u00e9 hoje considerado como o &#8220;marco zero&#8221; da nossa M\u00fasica. Isso porque, aos 36 anos, teve intensa participa\u00e7\u00e3o na Semana de Arte Moderna de 1.922 (ocorrida no Teatro Municipal de S\u00e3o Paulo em fevereiro daquele ano), surpreendendo a todos com o seu pioneirismo. At\u00e9 ent\u00e3o a chamada &#8220;m\u00fasica de concerto&#8221; no Brasil era representada pelas composi\u00e7\u00f5es ditas &#8220;acad\u00eamicas&#8221;, onde os compositores, a par de seus esfor\u00e7os, apenas repetiam em suas cria\u00e7\u00f5es as velhas f\u00f3rmulas oriundas da Europa do s\u00e9culo XIX. Villa-Lobos foi pioneiro, ao agregar \u00e0 sua cria\u00e7\u00e3o os ecos da nossa m\u00fasica popular e regional, al\u00e9m de elementos das artes musicais ind\u00edgenas e de origem afro.<\/em><\/p>\n<p><em>Plenamente senhor de sua arte, Villa-Lobos j\u00e1 contava em sua viv\u00eancia, no per\u00edodo anterior \u00e0 Semana, suas viagens pelo Interior do Brasil quando, como um verdadeiro &#8220;mata-borr\u00e3o&#8221;, absorvera a linguagem do nosso folclore e das nossas can\u00e7\u00f5es populares regionais. A isso, acrescentou-se sua conviv\u00eancia com os &#8220;chor\u00f5es&#8221; cariocas, que executavam \u00e0quela \u00e9poca pe\u00e7as de Ch\u00f4ro altamente elaboradas e de grande complexidade. Com um detalhe: era m\u00fasica popular, executada com o instrumental tipicamente popular &#8211; viol\u00f5es, cavaquinho, bandolim, flauta e percuss\u00e3o. Como consequ\u00eancia, muitas de suas obras orquestrais trazem elementos de origem tipicamente brasileiros. Da\u00ed, os &#8220;Ch\u00f4ros&#8221;, as &#8220;Serestas&#8221;&#8230; Estes elementos est\u00e3o presentes tamb\u00e9m na sua s\u00e9rie orquestral de maior express\u00e3o a n\u00edvel internacional &#8211; as &#8220;Bachianas Brasileiras&#8221;, assim denominadas pelo compositor por terem a forma de Bach de criar M\u00fasica como refer\u00eancia.<\/em><\/p>\n<p><em><img loading=\"lazy\" class=\"size-medium wp-image-382 alignleft\" src=\"http:\/\/sergiosachicompositor.com\/wp-content\/uploads\/2016\/11\/villa-lobos6-220x300.jpg\" alt=\"villa-lobos6\" width=\"220\" height=\"300\" \/>\u00c9 tamb\u00e9m de grande relev\u00e2ncia e significado a Obra de Villa-Lobos para o Viol\u00e3o. Seus &#8220;Estudos&#8221;, &#8220;Su\u00edtes&#8221; e outras obras avulsas para este instrumento s\u00e3o internacionalmente conhecidas e reverenciadas. O maestro, que aprendeu a admirar o Viol\u00e3o na sua conviv\u00eancia com os &#8220;chor\u00f5es&#8221;, emprestou com suas obras violon\u00edsticas a dignidade que esse instrumento merece. N\u00e3o sem raz\u00e3o, Tom Jobim afirmou, por mais de uma vez, que &#8220;sem Villa-Lobos n\u00e3o teria havido Bossa Nova&#8221;. E aqui devemos lembrar que as interpreta\u00e7\u00f5es de Jo\u00e3o Gilberto ao viol\u00e3o s\u00e3o decisivas para este estilo musical. E \u00e9 gra\u00e7as \u00e0 ousadia de\u00a0<\/em><br \/>\n<em>Villa-Lobos que os m\u00fasicos e compositores brasileiros agregaram \u00e0 nossa m\u00fasica os elementos do Jazz, criando a\u00a0<\/em><em>Bossa Nova &#8211; m\u00fasica brasileira admirada mundo afora.<\/em><\/p>\n<p><strong><em>VIDA FAMILIAR<\/em><\/strong><\/p>\n<p><em>Villa-Lobos n\u00e3o teve filhos, embora tenha sido casado por 2 vezes. Sua primeira esposa, Lucilla Guimar\u00e3es, era pianista, e com ela casou-se em 1.913, aos 26 anos. Foi com sua segunda esposa no entanto, Arminda Neves D\u00b4Almeida, a Mindinha, que encontrou a estabilidade emocional. Viveu com ela de 1.948 a 1.959, ano de sua morte. E foi Mindinha a grande preservadora e divulgadora de sua extensa Obra, at\u00e9 o seu pr\u00f3prio falecimento no ano de 1.985.<\/em><\/p>\n<p><em><strong><em>V<\/em>ILLA-LOBOS E O ENSINO DE M\u00daSICA NAS ESCOLAS<\/strong><\/em><\/p>\n<p><em>De suas viagens a Paris o Maestro trouxe o encantamento pela qualidade do ensino musical na Fran\u00e7a. Admirado com a organiza\u00e7\u00e3o do ensino musical nas escolas \u00d3PRIO \u00e3o cultural das crian\u00e7as, Villa-Lobos empreendeu grandes esfor\u00e7os para implement\u00e1-los no Brasil. Assim, em 1932, ap\u00f3s gest\u00f5es junto ao Governo Federal, sob o comando de Get\u00falio Vargas, assumu-iu a dire\u00e7\u00e3o da SEMA- Superintend\u00eancia de Ensino Musical e Art\u00edstico do Minist\u00e9rio da Educa\u00e7\u00e3o. Este \u00d3rg\u00e3o, at\u00e9 ent\u00e3o inexistente, foi criado especificamente para os fins de ensino musical nas escolas brasileiras, gra\u00e7as aos esfor\u00e7os do maestro. E dada a iniexist\u00eancia de m\u00e9todos espec\u00edficos para essa \u00e1rea de ensino, Villa criou o material necess\u00e1rio &#8211; m\u00e9todos e repert\u00f3rio, para serem adaptados ao canto coral. Criaram-se assim as diversas Unidades do que foi denominado por ele como Canto Orfe\u00f4nico. O Canto Orfe\u00f4nico tinha como objetivos o desenvolvimento cultural e art\u00edstico das crian\u00e7as brasileiras, o trabalho de dic\u00e7\u00e3o, interpreta\u00e7\u00e3o de textos po\u00e9ticos, o trabalho em equipe e a cria\u00e7\u00e3o de p\u00fablico com gosto refinado para a M\u00fasica e as Artes em geral. Note-se, portanto, que estes elementos est\u00e3o presentes, at\u00e9 hoje, em todos os Projetos voltados para a \u00e1rea art\u00edstica no Brasil, utilizados pelas ONGs e demais organiza\u00e7\u00f5es da sociedade civil.<\/em><\/p>\n<p><em>Infelizmente, dado o descompromisso das nossas autoridades com a educa\u00e7\u00e3o de qualidade, o trabalho de Villa-Lobos n\u00e3o teve a continuidade desejada. N\u00e3o h\u00e1 ensino musical nas escolas brasileiras como mat\u00e9ria obrigat\u00f3ria.<\/em><\/p>\n<p><em><strong>Por toda uma vida produtiva e intensa, com uma Obra relevante e altamente significativa do ponto de vista est\u00e9tico. Heitor Villa-Lobos \u00e9, portanto, o grande &#8220;divisor de \u00e1guas&#8221; da M\u00fasica Brasileira.<\/strong><\/em><\/p>\n<p>&nbsp;<\/p>\n<p><em>VEJA DADOS BIOGR\u00c1FICOS COMPLETOS E OBRA DE VILLA-LOBOS:<\/em><\/p>\n<p><strong><a href=\"https:\/\/pt.wikipedia.org\/wiki\/Heitor_Villa-Lobos\" target=\"_blank\">HEITOR VILLA-LOBOS NA WIKIP\u00c9DIA<\/a><\/strong><\/p>\n<p>&nbsp;<\/p>\n<p><em>PARA VER E OUVIR NO YOUTUBE:<\/em><\/p>\n<p><strong><a href=\"https:\/\/www.youtube.com\/watch?v=9wBaC-Wq7Lo\" target=\"_blank\">BACHIANAS BRASILEIRAS &#8211; No.5 &#8211; Com Nancy Allen (Soprano)<\/a><\/strong><\/p>\n<p><strong><a href=\"https:\/\/www.youtube.com\/watch?v=pn_tQtal4Ec\" target=\"_blank\">JENNIE TOUREL INTERPRETA VILLA-LOBOS<\/a><\/strong><\/p>\n<p><strong><a href=\"https:\/\/www.youtube.com\/watch?v=Z2_LDC-WQQ0\" target=\"_blank\">VIOL\u00c3O: &#8220;SUITE POPULAR BRASILEIRA&#8221; (Completa) &#8211; com Pablo De Giusto<\/a><\/strong><\/p>\n<p><strong><a href=\"https:\/\/www.youtube.com\/watch?v=wIG4h7lvj4Y\" target=\"_blank\">&#8220;O TRENZINHO DO CAPPIRA&#8221; &#8211; BACHIANAS BRASILEIRAS No.2 (IV. TOCATA) &#8211; c\/Minczuk<\/a><\/strong><\/p>\n<p><strong><a href=\"https:\/\/www.youtube.com\/watch?v=qkiuy1D_ygM\" target=\"_blank\">&#8220;QUARTETO No.7 &#8211; 1o MOVIMENTO&#8221; &#8211; c\/Quarteto &#8220;Radam\u00e9s Gnatalli&#8221;<\/a><\/strong><\/p>\n<p>&nbsp;<\/p>\n<p style=\"text-align: center;\"><em><strong>QUER GANHAR INTEIRAMENTE GR\u00c1TIS O E-BOOK<\/strong><\/em><\/p>\n<p style=\"text-align: center;\"><em><strong>&#8220;A CELA E O V\u00d4O&#8221; COM TODAS AS LETRAS DAS CAN\u00c7\u00d5ES<\/strong><\/em><\/p>\n<p style=\"text-align: center;\"><em><strong>DESTE \u00daLTIMO \u00c1LBUM DE SERGIO SACHI?<\/strong><\/em><\/p>\n<p style=\"text-align: center;\"><img loading=\"lazy\" class=\"alignnone size-medium wp-image-423\" src=\"http:\/\/sergiosachicompositor.com\/wp-content\/uploads\/2016\/09\/capa3Dcelavoo-300x281-1-300x281-1-300x281-1-300x281-1-300x281-1-300x281-1-300x281.jpg\" alt=\"rp_capa3Dcelavoo-300x281-1-300x281-1-300x281-1-300x281-1-300x281-1-300x281.jpg\" width=\"300\" height=\"281\" \/><\/p>\n<p style=\"text-align: center;\"><em><strong>\u00c9 S\u00d3 DEIXAR SEU NOME E ENDERE\u00c7O DE E-MAIL<\/strong><\/em><\/p>\n<p style=\"text-align: center;\"><em><strong>NO FORMUL\u00c1RIO, NO CANTO SUPERIOR DIREITO DESTA P\u00c1GINA.<\/strong><\/em><\/p>\n<p style=\"text-align: center;\"><em><strong>APROVEITE! VOC\u00ca VAI CURTIR MUITO.<\/strong><\/em><\/p>\n","protected":false},"excerpt":{"rendered":"<p>HEITOR VILLA-LOBOS Compositor e Maestro Um &#8220;divisor de \u00e1guas&#8221; na M\u00fasica Brasileira<\/p>\n","protected":false},"author":1,"featured_media":0,"comment_status":"open","ping_status":"open","sticky":false,"template":"","format":"standard","meta":[],"categories":[84],"tags":[89,85,86,90,91,92,72,62,13,88,93,87,54,55],"_links":{"self":[{"href":"http:\/\/sergiosachicompositor.com\/index.php?rest_route=\/wp\/v2\/posts\/387"}],"collection":[{"href":"http:\/\/sergiosachicompositor.com\/index.php?rest_route=\/wp\/v2\/posts"}],"about":[{"href":"http:\/\/sergiosachicompositor.com\/index.php?rest_route=\/wp\/v2\/types\/post"}],"author":[{"embeddable":true,"href":"http:\/\/sergiosachicompositor.com\/index.php?rest_route=\/wp\/v2\/users\/1"}],"replies":[{"embeddable":true,"href":"http:\/\/sergiosachicompositor.com\/index.php?rest_route=%2Fwp%2Fv2%2Fcomments&post=387"}],"version-history":[{"count":7,"href":"http:\/\/sergiosachicompositor.com\/index.php?rest_route=\/wp\/v2\/posts\/387\/revisions"}],"predecessor-version":[{"id":448,"href":"http:\/\/sergiosachicompositor.com\/index.php?rest_route=\/wp\/v2\/posts\/387\/revisions\/448"}],"wp:attachment":[{"href":"http:\/\/sergiosachicompositor.com\/index.php?rest_route=%2Fwp%2Fv2%2Fmedia&parent=387"}],"wp:term":[{"taxonomy":"category","embeddable":true,"href":"http:\/\/sergiosachicompositor.com\/index.php?rest_route=%2Fwp%2Fv2%2Fcategories&post=387"},{"taxonomy":"post_tag","embeddable":true,"href":"http:\/\/sergiosachicompositor.com\/index.php?rest_route=%2Fwp%2Fv2%2Ftags&post=387"}],"curies":[{"name":"wp","href":"https:\/\/api.w.org\/{rel}","templated":true}]}}