{"id":394,"date":"2016-12-15T13:29:55","date_gmt":"2016-12-15T13:29:55","guid":{"rendered":"http:\/\/sergiosachicompositor.com\/?p=394"},"modified":"2017-01-18T21:37:49","modified_gmt":"2017-01-18T21:37:49","slug":"elis-regina-um-furacao-passou-por-aqui","status":"publish","type":"post","link":"http:\/\/sergiosachicompositor.com\/?p=394","title":{"rendered":"ELIS REGINA:  Um &#8220;Furac\u00e3o&#8221; Passou Por Aqui"},"content":{"rendered":"<p><img loading=\"lazy\" class=\"size-medium wp-image-399 alignleft\" src=\"http:\/\/sergiosachicompositor.com\/wp-content\/uploads\/2016\/12\/elis4-300x169.jpeg\" alt=\"elis4\" width=\"300\" height=\"169\" \/><\/p>\n<p>&nbsp;<\/p>\n<p><strong>ELIS REGINA<\/strong><\/p>\n<p><strong>Cantora<\/strong><\/p>\n<p><em><strong>&#8220;A Maior Int\u00e9rprete da MPB&#8221;<\/strong><\/em><\/p>\n<p>&nbsp;<\/p>\n<p><em>Como \u00e9 de praxe, os furac\u00f5es, ciclones e tornados s\u00e3o batizados por nomes femininos: Catherine, Sophie, \u00c2ngel, Thereza&#8230; No Brasil, este fen\u00f4meno meteorol\u00f3gico \u00e9 raro, sen\u00e3o inexistente. MAS&#8230; n\u00f3s tivemos sem d\u00favida entre n\u00f3s, no per\u00edodo aproximado de 1.960 a 1.982, a presen\u00e7a de um indom\u00e1vel &#8220;furac\u00e3o&#8221;. Seu nome: ELIS REGINA.<\/em><\/p>\n<p><em>Essa inigual\u00e1vel int\u00e9rprete da MPB, tal qual um verdadeiro furac\u00e3o, catalizou uma enorme energia art\u00edstica e musical em torno de s\u00ed. E, como um verdadeiro furac\u00e3o, revolveu a superf\u00edcie cultural brasileira, arremessou para longe a mediocridade ao colocar-se como refer\u00eancia em excel\u00eancia para a M\u00fasica Brasileira. Com seu incans\u00e1vel trabalho, suas inesquec\u00edveis interpreta\u00e7\u00f5es e sua incontrol\u00e1vel personalidade, estabeleceu para \u00a0todos no Brasil (e tamb\u00e9m no Exterior) novos paradigmas de qualidade musical. Esta foi Elis.<\/em><\/p>\n<p><em>Comparada a cantoras do quilate de Ella Fitzgerald e Billie Holliday, Elis marcou sua inconfund\u00edvel presen\u00e7a no panorama musical brasileiro mostrando, em detalhes, &#8220;como \u00e9 que se faz&#8221; Mas, se tivemos entre n\u00f3s outras cantoras e int\u00e9rpretes fant\u00e1sticas, por que Elis se destaca tanto? Pois desde Carmen Miranda, passando por \u00c2ngela Maria, Isaurinha Garcia, Vilma Bentivegna, Maria Beth\u00e2nea, Gal Costa, e tantas outras de grande talento, por qu\u00ea Elis se destaca? Por v\u00e1rias raz\u00f5es, mas por uma em especial: estava &#8220;no lugar \u00a0certo na hora certa&#8221;. E atendeu ao chamado com incompar\u00e1vel comprometimento.<\/em><\/p>\n<p><em>Vamos explicar melhor.<\/em><\/p>\n<p><em>Elis iniciou sua carreira de forma bastante precoce, aos 11 anos. Nascida em 17 de Mar\u00e7o de 1.945, j\u00e1 em 1.956 se apresentava nos programas infant\u00eds de calouros na R\u00e1dio Ga\u00facha, em Porto Alegre &#8211; sua cidade natal. Logo ap\u00f3s, aos 14 anos, foi contratada pela R\u00e1dio Farroupilha para participar semanalmente do Programa &#8220;Clube do Gur\u00ed&#8221;. E h\u00e1 quem diga que, em uma das suas apresenta\u00e7\u00f5es, protagonizou um momento m\u00e1gico inesquec\u00edvel para quem o presenciou, ao interpretar &#8220;Ch\u00e3o de Estr\u00ealas&#8221;, de Silvio Caldas.<\/em><\/p>\n<p><em>Em 1.961, contratada pela Gravadora Continental, gravou o seu primeiro LP &#8211; &#8220;Brotol\u00e2ndia&#8221;. Este, e os 3 subsequentes, passaram meio desapercebidos, mas Elis ainda n\u00e3o havia achado a sua &#8220;veia&#8221;. Contratada pela TV Rio, instalou-se no Rio de Janeiro, passando a ter participa\u00e7\u00f5es em programas de audit\u00f3rio. E foi a\u00ed que tudo come\u00e7ou.<\/em><\/p>\n<p><em>Buscou espa\u00e7o no famoso Beco das Garrafas, QG da Bossa Nova e dos grandes compositores e m\u00fasicos da \u00e9poca. E foi ali que conheceu Luis Carlos Mi\u00e9le e Ronaldo<\/em><br \/>\n<em> B\u00f4scoli, Estes atuavam como Produtores, e abriram as portas do Show Business para Elis.<\/em><\/p>\n<p><em>Elis despontou para o grande p\u00fablico com sua participa\u00e7\u00e3o no I Festival da MPB produzido pela TV Excelsior, em S\u00e3o Paulo. Sua interpreta\u00e7\u00e3o visceral de &#8220;Arrast\u00e3o&#8221; de autoria de Edu Lobo e Vin\u00edcius de Morais provocou fort\u00edssimo impacto no p\u00fablico, na cr\u00edtica e&#8230; nos \u00a0jurados. A \u00a0par da inquestion\u00e1vel qualidade da can\u00e7\u00e3o, a interpreta\u00e7\u00e3o chocante de Elis levou a m\u00fasica para o topo, sendo considerada a grande vencedora. Da\u00ed, foi contratada pela TV Record, que organizaria os grandes Festivais nos anos seguintes, lan\u00e7ando as bases para o que seria a MPB nos anos 70.<\/em><\/p>\n<p><em>Respond\u00edamos por qu\u00ea Elis tornou-se o fen\u00f4meno conhecido por todos, citando estar ela &#8220;no lugar certo na hora certa&#8221;. Ent\u00e3o, explicando melhor: nos anos de 1.965 a 1.967, Elis estrelou, juntamente com Jair Rodrigues, o Programa &#8220;O Fino da Bossa&#8221; (TV Record\/Produ\u00e7\u00e3o de Valter Silva). Pois \u00e9. Ocorre que por este Programa, semanal, passaram TODOS os grandes compositores e m\u00fasicos que construiriam nos anos seguintes a MPB como \u00e9 conhecida hoje, nacional e internacionalmente. N\u00e3o iremos citar nomes, pois a lista \u00e9 infind\u00e1vel, mas, semana ap\u00f3s semana, o p\u00fablico se deleitava com a qualidade e o talento desses artistas, que contribu\u00edram decisivamente para \u00a0tornar a MPB conhecida mundialmente (e admirada, diga-se de passagem!). Acrescente-se a isso que Elis, juntamente com Jair Rodrigues, formava uma dupla &#8220;el\u00e9trica&#8221; &#8211; os LPs lan\u00e7ados pela dupla vendiam c\u00f3pias j\u00e1 na casa dos milh\u00f5es. Era um sucesso estrondoso.<\/em><\/p>\n<p><em>Mas, talvez, o maior motivo para que Elis se tornasse essa marca t\u00e3o presente na MPB, tenha sido o fato de, al\u00e9m \u00e9 claro das suas interpreta\u00e7\u00f5es memor\u00e1veis, ter alavancado as carreiras de in\u00fameros compositores. Seu faro acurad\u00edssimo sabia reconhecer um talento, e sabia, melhor ainda, nutri-lo e mim\u00e1-lo. Assim, \u00e9 de Elis o m\u00e9rito de haver alavancado e\/ou revelado as carreiras de grandes talentos, tais como Milton Nascimento, Gilberto Gil, Chico Buarque, Jo\u00e3o Bosco, Belchior, Tunay, Paulo C\u00e9sar Pinheiro, Baden Powell, F\u00e1tima Guedes&#8230; A lista \u00e9 <img loading=\"lazy\" class=\"size-medium wp-image-398 alignleft\" src=\"http:\/\/sergiosachicompositor.com\/wp-content\/uploads\/2016\/12\/elis3-300x211.jpg\" alt=\"elis3\" width=\"300\" height=\"211\" \/>intermin\u00e1vel. E isso, com um componente muito especial: era capaz de descobrir nuances nas can\u00e7\u00f5es que gravava que os pr\u00f3prios compositores desconheciam. A esse respeito, disse certa vez Jo\u00e3o Bosco: &#8220;Elis era incr\u00edvel. Quando d\u00e1vamos a ela uma can\u00e7\u00e3o que seria agraciada pela sua interpreta\u00e7\u00e3o, fic\u00e1vamos na maior expectativa quanto ao que viria, pois ela as interpretava de um jeito e as enriquecia de tal forma, que n\u00f3s pr\u00f3prios nos espant\u00e1vamos&#8230;&#8221; Embora nunca houvesse criado uma can\u00e7\u00e3o, Elis era, por esse motivo, considerada pelos pr\u00f3prios compositores como &#8220;co-autora informal&#8221;.<\/em><\/p>\n<p><em>Ent\u00e3o, por isso tudo, Elis tornou-se uma &#8220;assinatura&#8221;. Ao incluir um compositor e sua obra ao seu repert\u00f3rio, avalizava para o p\u00fablico o trabalho deste, tornando-o conhecido e, tamb\u00e9m,<\/em><\/p>\n<p><em>admirado. Essa era Elis Regina.<\/em><\/p>\n<p><em><strong>VIDA FAMILIAR<\/strong><\/em><\/p>\n<p><em>Elis Regina foi casada por 2 vezes. Em 1967 casou-se, aos 22 anos, com Ronaldo B\u00f4scoli, com quem teve um filho &#8211; Jo\u00e3o Marcelo, nascido em 1.970. Desfeita a uni\u00e3o, casou-se novamente em 1.972 com o m\u00fasico e arranjador C\u00e9sar Camargo Mariano, com quem teve 2 filhos &#8211; Pedro Mariano (1.975) e Maria Rita (1.977). Seus tr\u00eas filhos seguiram tamb\u00e9m profissionalmente carreira na \u00e1rea art\u00edstica. Jo\u00e3o Marcelo, como Produtor Musical, e Pedro Mariano e Maria Rita como cantores (de grande valor, diga-se de passagem.<\/em><\/p>\n<p><em>Mas foi ao lado de C\u00e9sar Camargo Mariano que Elis \u00a0consolidou sua maturidade art\u00edstica. S\u00e3o do per\u00edodo em que trabalharam juntos as interpreta\u00e7\u00f5es mais inesquec\u00edveis de Elis. O per\u00edodo come\u00e7a com a grava\u00e7\u00e3o do LP &#8220;Elis e Tom&#8221;, de 1.973), e consolidou-se com in\u00fameros outros <img loading=\"lazy\" class=\"size-medium wp-image-396 alignright\" src=\"http:\/\/sergiosachicompositor.com\/wp-content\/uploads\/2016\/12\/elis1-300x164.jpg\" alt=\"elis1\" width=\"300\" height=\"164\" \/>discos de irretoc\u00e1vel qualidade, musical e art\u00edstica. \u00c9 dessa fase tamb\u00e9m o show &#8220;Falso Brilhante&#8221;, que transformou-se num divisor de \u00e1guas no Show Business brasileiro. Quem o assistiu jamais esquece. Com uma Banda afinad\u00edssima e competente, e com performances de palco inesperadas, aliada a uma cenografia irretoc\u00e1vel, Elis mostrou &#8220;como \u00e9 que se faz&#8221; mais uma vez. O Show quebrou mais um paradigma no cen\u00e1rio musical nacional: permaneceu em cartaz por 14 meses (entre 1.976 e 1.978), batendo recordes sucessivos de bilheteria. Tornou-se mesmo objeto tur\u00edstico na cidade de S\u00e3o Paulo, onde permaneceu em cartaz no Teatro Paramount &#8211; organizavam-se verdadeiras caravanas culturais, com \u00f4nibus de excurs\u00e3o invadindo S\u00e3o Paulo (vindos de outras cidades e capitais, e mesmo do Exterior &#8211; Arggentina, Paraguai), s\u00f3 para ver o show.<\/em><\/p>\n<p><em><strong>\u00a0POL\u00cdTICA<\/strong><\/em><\/p>\n<p><em>Embora o Brasil estivesse, ao longo da vida art\u00edstica de Elis, sob as botinas da ferrenha ditadura militar, Elis nunca foi uma &#8220;militante de carteirinha&#8221;. Mas nunca dobrou-se aos ditames dos generais. Em certa ocasi\u00e3o, declarou numa entrevista que &#8220;o Brasil \u00e9 hoje governado por gorilas, com o perd\u00e3o que pe\u00e7o aos gorilas por cham\u00e1-los assim&#8221;. Por essa raz\u00e3o, foi obrigada a cantar o Hino Nacional em um evento do Ex\u00e9rcito Brasileiro, no ano de 1.970. Injustamente, foi crucificada pela turma das &#8220;patrulhas ideol\u00f3gicas&#8221;, com especial destaque para &#8220;O Pasquim&#8221;. Nele, semanalmente e por um certo per\u00edodo, o cartunista Henfil publicava charges colocando Elis cantando o Hino Nacional, sempre diante das tropas de soldados. Para compensar, \u00e9 de Elis a interpreta\u00e7\u00e3o daquela can\u00e7\u00e3o que foi adotada como o &#8220;hino da anistia&#8221;, de autoria de Jo\u00e3o Bosco e Aldir Blanc. A can\u00e7\u00e3o gravada em 1.979, quando a ditadura militar j\u00e1 apresentava rachaduras e viu-se obrigada a estabelecer o processo de abertura pol\u00edtica. Estamos falando da can\u00e7\u00e3o &#8220;O B\u00eabado e a Equilibrista&#8221;, uma verdadeira obra prima de cria\u00e7\u00e3o e interpreta\u00e7\u00e3o.<\/em><\/p>\n<p>&nbsp;<\/p>\n<p><em><strong>ESTRANHA E INESPERADA MORTE<\/strong><\/em><\/p>\n<p><em>Quem viveu a \u00e9poca \u00e9 capaz, sem exce\u00e7\u00e3o, de citar onde estava e o que fazia ao ouvir a chocante not\u00edcia: &#8220;comunicamos, profundamente pesarosos, a morte da cantora Elis Regina&#8221;. N\u00e3o. Ningu\u00e9m poderia esperar algo assim, Elis tornara-se um patrim\u00f4nio nacional, querida, amada e admirada por todos. Por\u00e9m, talvez por suas instabilidades emocionais, sua vida pessoal conturbada, Elis recorreu a uma mistura explosiva e perigosa &#8211; \u00e1lcool e coca\u00edna. Foi o que revelou a aut\u00f3psia realizada no Instituto M\u00e9dico Legal em S\u00e3o Paulo. Seu corpo ficou exposto \u00e0 visita\u00e7\u00e3o p\u00fablica na C\u00e2mara Municipal de S\u00e3o Paulo, alguns dias ap\u00f3s sua morte, ocorrida em 19\/Janeiro\/1.982.<\/em><\/p>\n<p>&nbsp;<\/p>\n<p><em>SAUDADES DE ELIS&#8230; SAUDADES DO BRASIL.<\/em><\/p>\n<p>&nbsp;<\/p>\n<p><strong><a href=\"https:\/\/pt.wikipedia.org\/wiki\/Elis_Regina\" target=\"_blank\">DADOS BIOGR\u00c1FICOS COMPLETOS AQUI NO WIKIP\u00c9DIA (Incluindo Discografia)<\/a><\/strong><\/p>\n<p>&nbsp;<\/p>\n<p><em>PARA VER E OUVIR:<\/em><\/p>\n<p><strong><a href=\"https:\/\/www.youtube.com\/watch?v=2qqN4cEpPCw\">&#8220;COMO NOSSOS PAIS&#8221; (Belchior)<\/a><\/strong><\/p>\n<p><strong><a href=\"https:\/\/www.youtube.com\/watch?v=6kVBqefGcf4\">&#8220;O B\u00caBADO E A EQUILIBRISTA&#8221; (Jo\u00e3o Bosco\/Aldir Blanc)<\/a><\/strong><\/p>\n<p><strong><a href=\"https:\/\/www.youtube.com\/watch?v=srfP2JlH6ls\">&#8220;\u00c1GUAS DE MAR\u00c7O&#8221; &#8211; Elis e Tom (de Tom Jobim)<\/a><\/strong><\/p>\n<p><strong><a href=\"https:\/\/www.youtube.com\/watch?v=YnAyyho01PM\">&#8220;\u00daLTIMA ENTREVISTA&#8221; (cm Zuza Homem de Mello e Maur\u00edcio Kubrusli)<\/a><\/strong><\/p>\n<p><strong><a href=\"https:\/\/www.youtube.com\/watch?v=35FPZR24djg\">&#8220;ATR\u00c1S DA PORTA&#8221; (Chico Buarque de Holanda)<\/a><\/strong><\/p>\n<p><strong><a href=\"https:\/\/www.youtube.com\/watch?v=a_GZFPxnGKI\">&#8216;MADALENA&#8221; (Ivan Lins)<\/a><\/strong><\/p>\n<p><strong><a href=\"https:\/\/www.youtube.com\/watch?v=a_GZFPxnGKI\">&#8220;FASCINA\u00c7\u00c3O&#8221; (&#8220;Fascination&#8221;)<\/a><\/strong><\/p>\n<p><strong><a href=\"https:\/\/www.youtube.com\/watch?v=3JDvbCg_4h0\">&#8220;TRAVESSIA&#8221; (Milton Nascimento)<\/a><\/strong><\/p>\n<p style=\"text-align: center;\"><em><strong>QUER GANHAR INTEIRAMENTE GR\u00c1TIS O E-BOOK<\/strong><\/em><\/p>\n<p style=\"text-align: center;\"><em><strong>&#8220;A CELA E O V\u00d4O&#8221; COM TODAS AS LETRAS DAS CAN\u00c7\u00d5ES<\/strong><\/em><\/p>\n<p style=\"text-align: center;\"><em><strong>DESTE \u00daLTIMO \u00c1LBUM DE SERGIO SACHI?<\/strong><\/em><\/p>\n<p style=\"text-align: center;\"><img loading=\"lazy\" class=\"alignnone size-medium wp-image-423\" src=\"http:\/\/sergiosachicompositor.com\/wp-content\/uploads\/2016\/09\/capa3Dcelavoo-300x281-1-300x281-1-300x281-1-300x281-1-300x281-1-300x281-1-300x281.jpg\" alt=\"rp_capa3Dcelavoo-300x281-1-300x281-1-300x281-1-300x281-1-300x281-1-300x281.jpg\" width=\"300\" height=\"281\" \/><\/p>\n<p style=\"text-align: center;\"><em><strong>DEIXE SEU NOME E ENDERE\u00c7O DE E-MAIL<\/strong><\/em><\/p>\n<p style=\"text-align: center;\"><em><strong>NO FORMUL\u00c1RIO, NO CANTO SUPERIOR DIREITO DESTA P\u00c1GINA.<\/strong><\/em><\/p>\n<p style=\"text-align: center;\"><em><strong>APROVEITE! VOC\u00ca VAI CURTIR MUITO.<\/strong><\/em><\/p>\n","protected":false},"excerpt":{"rendered":"<p>&nbsp; ELIS REGINA Cantora &#8220;A Maior Int\u00e9rprete da MPB&#8221; &nbsp; Como \u00e9 de praxe, os furac\u00f5es, ciclones e <a class=\"read-more\" href=\"http:\/\/sergiosachicompositor.com\/?p=394\">&#8230; Read more<\/a><\/p>\n","protected":false},"author":1,"featured_media":0,"comment_status":"open","ping_status":"open","sticky":false,"template":"","format":"standard","meta":[],"categories":[94],"tags":[105,116,100,99,103,33,96,97,108,101,77,115,95,106,104,111,112,113,114,109,14,13,15,107,110,98,20,102],"_links":{"self":[{"href":"http:\/\/sergiosachicompositor.com\/index.php?rest_route=\/wp\/v2\/posts\/394"}],"collection":[{"href":"http:\/\/sergiosachicompositor.com\/index.php?rest_route=\/wp\/v2\/posts"}],"about":[{"href":"http:\/\/sergiosachicompositor.com\/index.php?rest_route=\/wp\/v2\/types\/post"}],"author":[{"embeddable":true,"href":"http:\/\/sergiosachicompositor.com\/index.php?rest_route=\/wp\/v2\/users\/1"}],"replies":[{"embeddable":true,"href":"http:\/\/sergiosachicompositor.com\/index.php?rest_route=%2Fwp%2Fv2%2Fcomments&post=394"}],"version-history":[{"count":6,"href":"http:\/\/sergiosachicompositor.com\/index.php?rest_route=\/wp\/v2\/posts\/394\/revisions"}],"predecessor-version":[{"id":444,"href":"http:\/\/sergiosachicompositor.com\/index.php?rest_route=\/wp\/v2\/posts\/394\/revisions\/444"}],"wp:attachment":[{"href":"http:\/\/sergiosachicompositor.com\/index.php?rest_route=%2Fwp%2Fv2%2Fmedia&parent=394"}],"wp:term":[{"taxonomy":"category","embeddable":true,"href":"http:\/\/sergiosachicompositor.com\/index.php?rest_route=%2Fwp%2Fv2%2Fcategories&post=394"},{"taxonomy":"post_tag","embeddable":true,"href":"http:\/\/sergiosachicompositor.com\/index.php?rest_route=%2Fwp%2Fv2%2Ftags&post=394"}],"curies":[{"name":"wp","href":"https:\/\/api.w.org\/{rel}","templated":true}]}}