{"id":493,"date":"2017-02-24T16:28:05","date_gmt":"2017-02-24T16:28:05","guid":{"rendered":"http:\/\/sergiosachicompositor.com\/?p=493"},"modified":"2017-03-24T17:15:11","modified_gmt":"2017-03-24T17:15:11","slug":"caetano-veloso-da-tropicalia-ao-seculo-xxi","status":"publish","type":"post","link":"http:\/\/sergiosachicompositor.com\/?p=493","title":{"rendered":"CAETANO VELOSO &#8211; DA TROPIC\u00c1LIA AO S\u00c9CULO XXI"},"content":{"rendered":"<p><img loading=\"lazy\" class=\"size-full wp-image-481 alignleft\" src=\"http:\/\/sergiosachicompositor.com\/wp-content\/uploads\/2017\/02\/caetano1.jpg\" alt=\"caetano1\" width=\"275\" height=\"183\" \/><em>CAETANO VELOSO &#8211; Compositor com intensa atua\u00e7\u00e3o na \u00e1rea da M\u00fasica Popular Brasileira (MPB), Cantork Produtor Musical, \u00e9 sem d\u00favida um dos expressivos nomes na \u00e1rea cultural do Brasil, com intensa atua\u00e7\u00e3o e produtividade, em especial na segunda metade do S\u00e9culo passado.<\/em><\/p>\n<p><em>Nascido Caetano Emanuel Viana Teles Veloso em 7\/Ago\/1.942 no munic\u00edpio de Santo Amaro\/BAHIA, Caetano notabilizou-se atrav\u00e9s da sua Arte desde muito jovem e, em especial, pelo Movimento Tropicalista (&#8220;Tropic\u00e1lia&#8221;), que liderou ao lado do colega Gilberto Gil e que representou, entre 1.968 e 1.969, uma ruptura de import\u00e2ncia no panorama musical brasileiro.<\/em><\/p>\n<p><em>De personalidade forte e opini\u00f5es incisivas, mesmo que \u00e0s vezes equivocadas segundo alguns, Caetano tornou-se refer\u00eancia no que diz respeito \u00e0 an\u00e1lise do panorama musical no Brasil, especialmente nas d\u00e9cadas de 1.970\/80, envolvendo-se em in\u00fameras pol\u00eamicas e debates, expostas com destaque nas m\u00eddias da \u00e9poca &#8211; para muitos, uma forma inteligente de fazer seu &#8220;marketin pessoal&#8221;.<\/em><\/p>\n<p><em>Fato \u00e9 que suas opini\u00f5es foram valorizadas a ponto de criar-se no Brasil a express\u00e3o &#8220;o Caetano falou&#8230;&#8221; E em virtude, talvez, at\u00e9 da sua proposta est\u00e9tica, que abordaremos mais adiante, acabou muitas vezes por avalizar m\u00fasicas e\/ou artistas, em certos per\u00edodos, de qualidade question\u00e1vel.<\/em><\/p>\n<p><strong>INF\u00c2NCIA E IN\u00cdCIO DE CARREIRA<\/strong><\/p>\n<p><em>Filho de D.Can\u00f4 e &#8220;Seu&#8221; Zezinho &#8211; ela, dona de casa, e ele, funcion\u00e1rio dos Correios, Caetano \u00e9 o 5o. filho de uma fam\u00edlia composta por 7 irm\u00e3os. Os pais, embora n\u00e3o ligados \u00e0 carreira art\u00edstica, foram sempre profundos admiradores da m\u00fasica popular. Conta Caetano, em certas entrevistas, que sua inf\u00e2ncia foi regada a muita m\u00fasica, que ecoava na resid\u00eancia da fam\u00edlia diuturnamente. Isso lhe valeu um vasto conhecimento do repert\u00f3rio de m\u00fasica brasileira. Desse conhecimento valeu-se anos mais tarde, j\u00e1 contratado pela Rede Record de Televis\u00e3o (SP). A Record investia muito em programas de audit\u00f3rio, dentre os quais &#8220;Esta Noite se Improvisa&#8221;, quando o apresentador (Blota Jr.) citava uma palavra e os participantes tinham que cantar uma can\u00e7\u00e3o que a contivesse. Caetano foi sagrado vencedor em in\u00fameras contendas. E foi em decorr\u00eancia da influ\u00eancia musical que Caetano batizou a irm\u00e3 mais nova, nascida \u00a0em 1.946. Encantado com uma can\u00e7\u00e3o gravada por Nelso Gon\u00e7alves, insistiu com os pais que o nome da irm\u00e3 mais nova deveria ser Maria Beth\u00e2nia, o que foi acatado. Beth\u00e2nia, j\u00e1 em plena juventude, e talvez em retribui\u00e7\u00e3o, foi respons\u00e1vel pela alavancagem da carreira de compositor do irm\u00e3o. Isso porque, apaixonada pelo canto e pelo teatro, estrelou em 1.964 o espet\u00e1culo teatral &#8220;Opini\u00e3o&#8221;, cantando e gravando a can\u00e7\u00e3o &#8220;Carcar\u00e1&#8221;, de Jo\u00e3o do Vale, que lan\u00e7ou-a nacionalmente. De quebra, trouxe o irm\u00e3o mais velho para participar como m\u00fasico do espet\u00e1culo, pois Caetano j\u00e1 tocava viol\u00e3o, que aprendera ainda na inf\u00e2ncia.<\/em><\/p>\n<p><em>Caetano, inicialmente, aspirava por uma carreira no cinema, tendo sua aten\u00e7\u00e3o voltada para a m\u00fasica somente mais tarde. Tendo conhecido Glauber Rocha, respons\u00e1vel pelo Jornal &#8220;Di\u00e1rio de Not\u00edcias&#8221;, em Salvador\/BA, escreveu in\u00fameras resenhas cr\u00edticas para o cinema, e chegou mesmo a adentrar pelo mundo cinematogr\u00e1fico. No entanto, o sucesso da irm\u00e3, a amizade com os conterr\u00e2neos Gilberto Gil, Gal Costa e Tom Z\u00e9 levaram-no para a m\u00fasica. Com Gil, Gal e Beth\u00e2nia, participou em 1.963 do show &#8220;N\u00f3s Por Exemplo&#8221; &#8211; um espet\u00e1culo semi amador ainda. Sua carreira musical teve in\u00edcio, concretamente, no ano de 1.965, com o lan\u00e7amento do compacto simples que trazia as can\u00e7\u00f5es &#8220;Domingo&#8221; e &#8220;Samba em Paz&#8221;. Sempre antenado no &#8220;novo&#8221;, Caetano teve um &#8220;divisor de \u00e1guas&#8221; em sua percep\u00e7\u00e3o musical, ao ouvir a grava\u00e7\u00e3o da bossa &#8220;Chega de Saudades&#8221;, com o conterr\u00e2neo Jo\u00e3o Gilberto. Ainda em 1.965, participou do I Festival de M\u00fasica Popular Brasileira, promovido pela TV Record. Mas o sucesso e o reconhecimento vieram mesmo 2 anos depois, com a terceira edi\u00e7\u00e3o dessa promo\u00e7\u00e3o da Record, com a can\u00e7\u00e3o &#8220;Alegria, Alegria&#8221;. E com m\u00e9ritos, j\u00e1 que esta edi\u00e7\u00e3o do Festival \u00e9, por muitos, considerada a maior express\u00e3o dos Festivais de M\u00fasica dos anos 60. Vencido por Edu Lobo com &#8220;Ponteio&#8221;, aquela vers\u00e3o do Festival contemplou ainda can\u00e7\u00f5es como &#8220;Domingo no Parque&#8221; (de Gilberto Gil- 2a. colocada), &#8220;Roda Viva&#8221; (de Chico Buarque &#8211; 3a. colocada) e &#8220;Cantador&#8221; (da dupla Dori Caymmi\/Nelson Mota &#8211; 5a. \u00a0colocada). O repert\u00f3rio do Festival trouxe ainda a can\u00e7\u00e3o &#8220;Maria, Carnaval e Cinzas&#8221; (de Luis Carlos Paran\u00e1), que, interpretada por Roberto Carlos, tornou-se naquele ano o maior sucesso da temporada.<\/em><\/p>\n<p><strong>ANOS 60, FESTIVAIS E &#8220;TROPIC\u00c1LIA&#8221;<\/strong><\/p>\n<p><em><img loading=\"lazy\" class=\"size-medium wp-image-479 alignleft\" src=\"http:\/\/sergiosachicompositor.com\/wp-content\/uploads\/2017\/02\/caetano3-271x300.jpg\" alt=\"caetano3\" width=\"271\" height=\"300\" \/>Os anos 60 representaram no Brasil e no mundo, um per\u00edodo de grandes e profundas transforma\u00e7\u00f5es que, fatalmente, refletiram-se nas Artes e na M\u00fasica.A chamada &#8220;Revolu\u00e7\u00e3o dos Costumes&#8221; fincava p\u00e9 na juventude, com mudan\u00e7as radicais de valores e comportamentos &#8211; a libera\u00e7\u00e3o sexual da mulher a partir do surgimento dos anticoncepcionais, a minissaia, o biquini, o Rock como express\u00e3o, os cabelos longos dos rapazes, os Beatles, os protestos contra a guerra do Vietn\u00e3&#8230; E, no Brasil, a juventude posicionava-se contra o rancoroso regime militar que se estabelecera em 1.964, atrav\u00e9s de um golpe, trazendo a restri\u00e7\u00e3o \u00e0s liberdades, a Censura, as pris\u00f5es arbitr\u00e1rias e tudo o mais. Nesse efervescente contexto, a MPB foi tomada como bandeira de express\u00e3o para id\u00e9ias e sentimentos. Estrategicamente, a TV Record mantinha, sob contrato, in\u00fameros artistas da M\u00fasica, dos mais diversos estilos &#8211; Bossa Nova, Can\u00e7\u00e3o de Protesto, Jovem Guarda, MPB Tradicional. E, espertamente, os diretores da emissora fomentavam debates acaloradas, o que rendia audi\u00eancias fant\u00e1sticas. Os baianos formavam tamb\u00e9m sua corrente. Caetano, Gil e Gal haviam realizado um show na FENIT (Feira Nacionhal da Ind\u00fastria T\u00eaxtil) em S\u00e3o Paulo, onde uma das ind\u00fastrias participantes lan\u00e7ara a cole\u00e7\u00e3o &#8220;Tropic\u00e1lia&#8221;, composta por tecidos de cores berrantes que integravam cores tropicais e psicodelismo (uma onda derivada do uso do LSD, um alucin\u00f3geno muito usado por artistas e intelectuais de vanguarda). E foi ent\u00e3o que os baianos, unindo a ideia \u00e0 influ\u00eancia dos Beatles e ao &#8220;antropofagismo&#8221; dos Modernistas de 22 (expresso na montagem da Pe\u00e7a &#8220;O Rei da Vela&#8221;, de Oswald de Andrade sob dire\u00e7\u00e3o de Z\u00e9 Celso Martinez Correia) lan\u00e7aram, em 1.968, a &#8220;Tropic\u00e1lia&#8221;.\u00a0<\/em><\/p>\n<p><em>A &#8220;Tropic\u00e1lia&#8221;, incompreendida por muitos quando de seu surgimento, foi liderada eminentemente por Caetano Veloso (fato reconhecido mesmo pelo seu parceiro de empreitada Gilberto Gil). Surgiu, oficialmente, com o lan\u00e7amento do LP &#8220;Tropic\u00e1lia&#8221;, do qual participaram Caetano, Gil, Gal, Os Mutantes, Tom Z\u00e9, Torquato Neto, Capinam, e o maestro Rog\u00e9rio Duprat. Propunha-se a transformar a vis\u00e3o do papel da m\u00fasica popular, vista at\u00e9 ent\u00e3o como mera express\u00e3o de sentimentos, ou bandeira ideol\u00f3gica (para os adeptos da esquerda pol\u00edtica). Muito mais amplamente, incorporava \u00e0 M\u00fasica o papel da ind\u00fastria e do consumo. Assim, representou um primeiro passo na dire\u00e7\u00e3o da &#8220;globaliza\u00e7\u00e3o&#8221; da nossa m\u00fasica popular, incorporando as guitarras el\u00e9tricas (express\u00e3o de &#8220;colonialismo americano&#8221; para as esquerdas), o consumo e a produ\u00e7\u00e3o em larga escala dos produtos industriais, etc. Ao mesmo tempo, propunha-se a absorver as influencias culturais externas e, \u00e0 maneira dos &#8220;antropofagistas&#8221; da Semana de 22, devolver \u00e0 Sociedade uma Cultura nova, com a cara do Brasil. Os Tropicalistas foram ovacionados por uns, de mentalidade mais aberta, mas execrados por muitos, tanto das esquerdas como dos direitistas do Regime Militar. Ou seja, &#8220;voc\u00eas n\u00e3o entenderam nada&#8221;, como gritaria Caetano quando de sua participa\u00e7\u00e3o no III Festival Internacional da Can\u00e7\u00e3o (Rede Globo), no c\u00e9lebre discurso no Teatro TUCA (SP), em 1.968, quando da apresenta\u00e7\u00e3o da m\u00fasica &#8220;\u00c9 Proibido Proibir&#8221;, estrondosamente vaiada pelo p\u00fablico e desclassificada pelo j\u00fari. Aqui, vale destacar que esta can\u00e7\u00e3o foi escrita por Caetano a partir de uma sugest\u00e3o de seu empres\u00e1rio Guilherme Ara\u00fajo, que vira o lema pixado numa foto de um muro de Paris, quando dos protestos dos estudantes em Maio de 1.968, que quase derrubaram o governo franc\u00eas.<\/em><\/p>\n<p>&nbsp;<\/p>\n<p><strong>PRIS\u00c3O E EX\u00cdLIO<\/strong><\/p>\n<p><em>Em fins de 1.968 iniciava-se no Brasil o per\u00edodo denominado &#8220;Anos de Chumbo&#8221;, com o<img loading=\"lazy\" class=\"size-medium wp-image-478 alignright\" src=\"http:\/\/sergiosachicompositor.com\/wp-content\/uploads\/2017\/02\/caetano5-300x170.jpg\" alt=\"caetano5\" width=\"300\" height=\"170\" \/> endurecimento da ditadura militar. No dia 13\/Dezembro daquele ano o General Costa e Silva baixava o famigerado AI-5 (Ato Institucional No.5), que fechava o Congresso, suspendia de vez as liberdades individuais (incluindo a suspens\u00e3o do Habeas Corpus na \u00e1rea jur\u00eddica), estabelecia a Censura Pr\u00e9via para a Imprensa e as Artes, e etc. A partir de ent\u00e3o, os arautos da ditadura sentiram-se \u00e0 vontade para reprimir, prender, torturar e expulsar do Pa\u00eds os que eram considerados opositores. Em consequ\u00eancia, in\u00fameros artistas e intelectuais sa\u00edram do Brasil, ou expulsos, ou por vontade pr\u00f3pria.\u00a0<\/em><\/p>\n<p><em>Nessa onda, Gilberto Gil e Caetano Veloso, embora nunca houvessem militado politicamente nas esquerdas, foram inclu\u00eddos no &#8220;pacote&#8221; de limpeza pol\u00edtica perpetrado pelos militares. Presos em 27 de Dezembro daquele ano, permaneceram presos at\u00e9 fevereiro do ano seguinte. Libertados, com os cabelos e barbas cortados \u00e0 revelia, foram obrigados a permanecer em pris\u00e3o domiciliar at\u00e9 o mes de julho, quando foram &#8220;gentilmente&#8221; convidados a sair do Pa\u00eds. Em escala em Portugal, acompanhados das respectivas esposas, Caetano, procurado pela imprensa local, declarava o &#8220;fim definitivo da Tropic\u00e1lia&#8221;. Mas o destino foi Londres. Gil, mais sereno, aproveitou a estadia em Londres para conhecer mais sobre a m\u00fasica daqueles anos &#8211; Beatles, Bob Marley, Rock Progressivo&#8230; Caetano fechou-se na melancolia. Recebendo, meses mais tarde, a visita de Roberto Carlos, chorou diante dele por &#8220;horas&#8221;, segundo suas pr\u00f3prias declara\u00e7\u00f5es, extravazando suas imensas m\u00e1goas. Roberto, impressionado, escreveu, j\u00e1 de volta ao Brasil, a pungente can\u00e7\u00e3o &#8220;Debaixo dos Carac\u00f3is dos seus Cabelos&#8221;, que gravou e divulgou. Esta seria regravada por Caetano anos mais tarde. O \u00e1lbum representativo de Caetano para este per\u00edodo \u00e9 &#8220;London, London&#8221;, repleto de can\u00e7\u00f5es melanc\u00f3licas, todas em ingl\u00eas, e que trazia a can\u00e7\u00e3o que d\u00e1 nome ao disco. Esta, na voz de Gal Costa, fez imenso sucesso naquele ano, tendo sido regravado 15 anos mais tarde pelo Conjunto RPM.<\/em><\/p>\n<p><em>O ex\u00edlio durou cerca de 2 anos. J\u00e1 de volta ao Brasil, Caetano retoma sua carreira e lan\u00e7a &#8220;Transa&#8221;, um \u00e1lbum repleto de experimentalismos vanguardistas e que serviu de pano de fundo para o Show com o mesmo nome. Neste show, Caetano voltava a chocar, trazendo aos palcos o &#8220;androginismo&#8221;, lan\u00e7ado por David Bowie (uma forma de apresentar-se em que o g\u00eanero do artista -home\/mulher &#8211; permanecia indefinido). Caetano, apresentando-se com brincos, batom, tamancos, busti\u00eas e tudo o mais provocava, inevitavelmente, as rea\u00e7\u00f5es controversas de sempre.<\/em><\/p>\n<p><em>A partir de seu retorno ao Pa\u00eds, Caetano consolida de vez sua carreira. Sempre pol\u00eamico, participa em 1.973 do evento PHONO 73, promovido pela Gravadora Phonogram, que se estabelecera no Brasil e havia contratado, sob a batuta do Diretor Andr\u00e9 Midani, a &#8220;nata&#8221; da MPB. \u00a0A controv\u00e9rsia estabelecida ent\u00e3o por Caetano foi a &#8220;ousadia&#8221; em apresentar-se ao lado do Cantor\/Compositor Odair Jos\u00e9, considerado &#8220;brega&#8221; e sem status para participar de tal evento. Caetano inicia a\u00ed sua carreira como &#8220;avalizador&#8221; de artistas. Inevitavelmente, a imprensa de esquerda promoveram seu &#8220;linchamento&#8221; est\u00e9tico. Deve-se a esse epis\u00f3dio o surgimento da express\u00e3o &#8220;patrulhas ideol\u00f3gicas&#8221;, usada por Caetano para expressar sua indigna\u00e7\u00e3o.<\/em><\/p>\n<p><strong>CARREIRA, FAMA E RECONHECIMENTO INTERNACIONAL<\/strong><\/p>\n<p><em>Com mais de 50 \u00c1lbuns publicados, livros editados, incurs\u00f5es no cinema (como ator e compositor de trilhas sonoras), incont\u00e1veis turn\u00eas e shows no Brasil e no Exterior, Caetano Veloso construiu uma rica e prof\u00edcua Carreira. Recebeu in\u00fameros pr\u00eamios como reconhecimento pelo seu trabalho. Arrebatou o Grammy no ano 2.000 na categoria World Music pelo Conjunto da Obra. Foi eleito pela Revista Rolling Stone como o 4o. mais importante artista latino americano de todos os tempos, bem como o 8o. melhor cantor brasileiro, al\u00e9m de Discos de Ouro e outros. O que mais \u00e9 significativo, no entanto, tanto no Brasil quanto no Exterior, \u00e9&#8230; o reconhecimento do p\u00fablico &#8211; o premio mais almejado por todo artista.<\/em><\/p>\n<p>&nbsp;<\/p>\n<p><strong>PARA SABER MAIS:<\/strong><\/p>\n<p><em><a href=\"https:\/\/pt.wikipedia.org\/wiki\/Caetano_Veloso\">VEJA BIOGRAFIA E DISCOGRAFIA COMPLETA NO WIKIP\u00c9DIA<\/a><\/em><\/p>\n<p><strong>V\u00cdDEOS<\/strong><\/p>\n<p><em><a href=\"https:\/\/www.youtube.com\/watch?v=4tzSETbQcJk\" target=\"_blank\">&#8220;ALEGRIA, ALEGRIA&#8221; &#8211; III Festival MPB TV RECORD &#8211; 1.967<\/a><\/em><\/p>\n<p><em><a href=\"https:\/\/www.youtube.com\/watch?v=gr3-zwecT9Y\" target=\"_blank\">TROPIC\u00c1LIA&#8221; &#8211; Original\/1.968<\/a><br \/>\n<\/em><\/p>\n<p><em><a href=\"https:\/\/www.youtube.com\/watch?v=uXgVvAPayy8\" target=\"_blank\">&#8220;LONDON, LONDON&#8221; &#8211; com Gal Costa\/1.971<\/a><\/em><\/p>\n<p><em><a href=\"https:\/\/www.youtube.com\/watch?v=wAmtLN4PlLU\" target=\"_blank\">&#8220;TERRA&#8221; &#8211; Ao vivo\/Caetano Veloso<\/a><\/em><\/p>\n<p><em><a href=\"https:\/\/www.youtube.com\/watch?v=btn7E8yYvaM\" target=\"_blank\">&#8220;SAMPA&#8221; &#8211; Ao Vivo\/Caetano Veloso<\/a><\/em><\/p>\n<p><em><a href=\"https:\/\/www.youtube.com\/watch?v=sGC8g0DJ0_E\" target=\"_blank\">&#8220;SOZINHO! &#8211; De Peninha &#8211; Ao Vivo\/Caetano Veloso<\/a><\/em><\/p>\n<p><em><a href=\"https:\/\/www.youtube.com\/watch?v=OB5zw4UVjUo\" target=\"_blank\">CAETANO PUTO, EM ENTREVISTA, RASGANDO O VERBO<\/a><\/em><\/p>\n<p><em><a href=\"https:\/\/www.youtube.com\/watch?v=-IHORuI_Uts\" target=\"_blank\">PROGRAMA &#8220;RODA VIVA&#8221;\/TV CULTURA\/SP &#8211; Entrevista Completa &#8211; 23\/09\/1.996<\/a><\/em><\/p>\n<p style=\"text-align: center;\"><strong>QUER GANHAR GR\u00c1TIS O E-BOOK &#8220;A CELA E O VOO&#8221;, CONTENDO TODAS AS LETRAS DAS CAN\u00c7\u00d5ES DESTE \u00c1LBUM DE SERGIO SACHI?<\/strong><\/p>\n<p style=\"text-align: center;\"><img loading=\"lazy\" class=\"size-medium wp-image-423 aligncenter\" src=\"http:\/\/sergiosachicompositor.com\/wp-content\/uploads\/2016\/09\/capa3Dcelavoo-300x281-1-300x281-1-300x281-1-300x281-1-300x281-1-300x281-1-300x281.jpg\" alt=\"rp_capa3Dcelavoo-300x281-1-300x281-1-300x281-1-300x281-1-300x281-1-300x281.jpg\" width=\"300\" height=\"281\" \/><\/p>\n<p>&nbsp;<\/p>\n<p style=\"text-align: center;\"><strong>BASTA CADASTRAR SEU PRIMEIRO NOME E E-MAIL NO FORMUL\u00c1RIO QUE EST\u00c1 PUBLICADO NO CANTO DIREITO SUPERIOR DESTA P\u00c1GINA. VOC\u00ca RECEBER\u00c1 ATUALIZA\u00c7\u00d5ES E PUBLICA\u00c7\u00d5ES DESTE SITE. APROVEITE!<\/strong><\/p>\n","protected":false},"excerpt":{"rendered":"<p>CAETANO VELOSO &#8211; Compositor com intensa atua\u00e7\u00e3o na \u00e1rea da M\u00fasica Popular Brasileira (MPB), Cantork Produtor Musical, \u00e9 <a class=\"read-more\" href=\"http:\/\/sergiosachicompositor.com\/?p=493\">&#8230; Read more<\/a><\/p>\n","protected":false},"author":1,"featured_media":0,"comment_status":"open","ping_status":"open","sticky":false,"template":"","format":"standard","meta":[],"categories":[84],"tags":[130,140,127,21,131,134,115,135,138,128,136,139,141,126,14,13,15,133,129,137,132,124,125],"_links":{"self":[{"href":"http:\/\/sergiosachicompositor.com\/index.php?rest_route=\/wp\/v2\/posts\/493"}],"collection":[{"href":"http:\/\/sergiosachicompositor.com\/index.php?rest_route=\/wp\/v2\/posts"}],"about":[{"href":"http:\/\/sergiosachicompositor.com\/index.php?rest_route=\/wp\/v2\/types\/post"}],"author":[{"embeddable":true,"href":"http:\/\/sergiosachicompositor.com\/index.php?rest_route=\/wp\/v2\/users\/1"}],"replies":[{"embeddable":true,"href":"http:\/\/sergiosachicompositor.com\/index.php?rest_route=%2Fwp%2Fv2%2Fcomments&post=493"}],"version-history":[{"count":5,"href":"http:\/\/sergiosachicompositor.com\/index.php?rest_route=\/wp\/v2\/posts\/493\/revisions"}],"predecessor-version":[{"id":508,"href":"http:\/\/sergiosachicompositor.com\/index.php?rest_route=\/wp\/v2\/posts\/493\/revisions\/508"}],"wp:attachment":[{"href":"http:\/\/sergiosachicompositor.com\/index.php?rest_route=%2Fwp%2Fv2%2Fmedia&parent=493"}],"wp:term":[{"taxonomy":"category","embeddable":true,"href":"http:\/\/sergiosachicompositor.com\/index.php?rest_route=%2Fwp%2Fv2%2Fcategories&post=493"},{"taxonomy":"post_tag","embeddable":true,"href":"http:\/\/sergiosachicompositor.com\/index.php?rest_route=%2Fwp%2Fv2%2Ftags&post=493"}],"curies":[{"name":"wp","href":"https:\/\/api.w.org\/{rel}","templated":true}]}}