{"id":516,"date":"2017-04-03T20:27:04","date_gmt":"2017-04-03T20:27:04","guid":{"rendered":"http:\/\/sergiosachicompositor.com\/?p=516"},"modified":"2017-05-31T19:37:21","modified_gmt":"2017-05-31T19:37:21","slug":"musica-e-religiao-um-instigante-aspecto-no-ambito-da-historia-da-musica-parte-i","status":"publish","type":"post","link":"http:\/\/sergiosachicompositor.com\/?p=516","title":{"rendered":"M\u00daSICA  E RELIGI\u00c3O &#8211; UM INSTIGANTE ASPECTO NO \u00c2MBITO DA HIST\u00d3RIA DA M\u00daSICA- Parte I"},"content":{"rendered":"<p>&nbsp;<\/p>\n<p><em><strong><img loading=\"lazy\" class=\"size-medium wp-image-538 alignleft\" src=\"http:\/\/sergiosachicompositor.com\/wp-content\/uploads\/2017\/04\/PRE3-300x166.jpg\" alt=\"PRE3\" width=\"300\" height=\"166\" \/>INTRODU\u00c7\u00c3O<\/strong><\/em><\/p>\n<p><em>A imagem ao lado, bastante conhecida, ilustra de forma objetiva alguns dos passos dados pelo Ser Humano na trilha de sua evolu\u00e7\u00e3o. Objetiva e simples, a ilustra\u00e7\u00e3o n\u00e3o traduz no entanto, no que diz respeito ao tempo, as centenas de milhares de anos que a ra\u00e7a humana demandou, at\u00e9 atingir a condi\u00e7\u00e3o de Homo Sapiens e os dias atuais.<\/em><\/p>\n<p><em>\u00c9 consenso entre os estudiosos que labutam nos diversos ramos do Conhecimento, que a evolu\u00e7\u00e3o humana, a par de seu desenvolvimento biol\u00f3gico propriamente dito, ocorreu, em especial, pelo fato de o Ser Humano \u00a0apresentar algo que o diferencia de todas as manifesta\u00e7\u00f5es da vida no planeta Terra &#8211; a racionalidade. Este consenso desdobra-se na vis\u00e3o de que a evolu\u00e7\u00e3o do Ser Humano ocorreu solidamente alicer\u00e7ada em 4 poderosos alicerces: Ci\u00eancia, Filosofia, Religi\u00e3o e Arte. Assim, poder\u00edamos grosso modo traduzir a evolu\u00e7\u00e3o humana a partir de 4 grandes quest\u00f5es, que v\u00eam atormentando o Homem em sua jornada evolutiva desde tempos imemoriais, e que o impulsionaram na busca incessante pelas respostas. Essas 4 grandes quest\u00f5es traduzem-se nos 4 ramos do Conhecimento citados. S\u00e3o elas:<\/em><\/p>\n<ul>\n<li><em><strong>CI\u00caNCIA &#8211;\u00a0<\/strong>O que s\u00e3o e como funcionam a Natureza e o Universo?.<\/em><\/li>\n<li><em><strong>FILOSOFIA &#8211;\u00a0<\/strong>Quem, ou o qu\u00ea sou Eu?<\/em><\/li>\n<li><em><strong>RELIGI\u00c3O &#8211; <\/strong>Quem me criou, e quem criou o Universo?<\/em><\/li>\n<li><em><strong>ARTE &#8211;<\/strong><\/em> <em>De que forma posso manifestar e comunicar meus pensamentos e sentimentos?<\/em><\/li>\n<\/ul>\n<p><em>Assim, como de imediato podemos deduzir, cada um desses 4 ramos do conhecimento desdobraram-se em incont\u00e1veis vertentes, em decorr\u00eancia das \u00a0experi\u00eancias humanas, vividas mil\u00eanio ap\u00f3s mil\u00eanio, no enfrentamento das grandes quest\u00f5es da sobreviv\u00eancia e da pr\u00f3pria perpetua\u00e7\u00e3o da ra\u00e7a. N\u00e3o iremos aqui, claro, analisar todos esses incont\u00e1veis desdobramentos, j\u00e1 que beiram ao infinito. Uma vez que nosso objetivo, com esta s\u00e9rie de artigos, \u00e9 estudar especificamente\u00a0<\/em><em>os aspectos religiosos que est\u00e3o ligados \u00e0 Evolu\u00e7\u00e3o da Arte e, mais especificamente ainda, \u00e0 influ\u00eancia da religiosidade na constru\u00e7\u00e3o da Hist\u00f3ria da M\u00fasica, partiremos do ramo cient\u00edfico que mais nos interessa: a Arqueologia. E mesmo esta, que \u00e9 um dos grandes bra\u00e7os da Ci\u00eancia, desdobra-se ainda em incont\u00e1veis outras ramifica\u00e7\u00f5es. Delas, a que mais nos interessa: a Musicologia.<\/em><\/p>\n<p>&nbsp;<\/p>\n<p><em><strong>MUSICOLOGIA &#8211; EXPLICANDO ALGUMAS QUEST\u00d5ES<\/strong><\/em><\/p>\n<p><em>A Musicologia \u00e9 um dos ramos da Arqueologia, portanto, que busca estudar a evolu\u00e7\u00e3o da M\u00fasica e tra\u00e7ar seu paralelo com a pr\u00f3pria evolu\u00e7\u00e3o humana. \u00c9 papel do Music\u00f3logo analisar de que forma a Arte Musical \u00e9 manifestada pelo Ser Humano, nas suas diversas etapas evolutivas. Busca compreender e explicar de que forma o Ser Humano, nessas diversas etapas, expressou-se musicalmente a partir de sua vis\u00e3o do mundo, da Natureza e do Universo. \u00a0\u00c9 claro, para a Musicologia, que o Ser Humano tem na manifesta\u00e7\u00e3o art\u00edstica uma poderosa ferramenta para expressar sua vis\u00e3o e suas cren\u00e7as, em cada momento da hist\u00f3ria humana.<\/em><\/p>\n<p><em>Importa ressaltar que o objeto de estudo deste ramo da Arqueologia \u00e9, como ela pr\u00f3pria, bastante concreto: o s\u00edtio arqueol\u00f3gico. \u00c9 nele que o Music\u00f3logo busca os vest\u00edgios das manifesta\u00e7\u00f5es musicais dos nossos ancestrais.<\/em><\/p>\n<p>&nbsp;<\/p>\n<p><em><strong>OS PRIMEIROS PASSOS &#8211; RELIGIOSIDADE E MANIFESTA\u00c7\u00c3O MUSICAL<\/strong><\/em><\/p>\n<p><em>Aqui, faremos uso de uma das nossas mais poderosas ferramentas &#8211; a imagina\u00e7\u00e3o.<\/em><\/p>\n<p><em><img loading=\"lazy\" class=\"size-medium wp-image-510 alignright\" src=\"http:\/\/sergiosachicompositor.com\/wp-content\/uploads\/2017\/03\/PRE0-299x300.jpg\" alt=\"PRE0\" width=\"299\" height=\"300\" \/>Imaginemos ent\u00e3o nossos antepassados, dando os primeiros passos na senda evolutiva do Ser Humano. Como \u00e9ramos? De que forma sobreviv\u00edamos? Se pens\u00e1vamos, o que pens\u00e1vamos? Que rela\u00e7\u00f5es estabelec\u00edamos com a Natureza e suas for\u00e7as?<\/em><\/p>\n<p><em>Segundo a Arqueologia, os primeiros seres humanos desceram das \u00e1rvores, onde inicialmente viviam, para dar seus primeiros passos em terra firme, passando gradativamente a andar sobre as duas pernas, e livrando as m\u00e3os para as in\u00fameras outras tarefas que a necessidade de sobreviv\u00eancia exigia. Assim, as habilidades das m\u00e3os para ca\u00e7ar e construir ferramentas rudimentares passaram a desenvolver-se.<\/em><\/p>\n<p><em>Aqueles primeiros homin\u00eddios, no entanto, nada compreendiam acerca do mundo que os cercava. Viviam em ambientes selvagens e hostis, sujeitos a todas as agress\u00f5es, fr\u00e1geis que eram, oriundas dos animais selvagens e da pr\u00f3pria Natureza. Amedrontados, buscavam as cavernas como abrigo, e n\u00e3o entendiam as raz\u00f5es que davam origem \u00e0 chuva e ao sol, ao dia e \u00e0 noite, \u00e0s estrelas e a Lua, aos raios e aos trov\u00f5es&#8230; Que mundo era aquele, afinal? E que for\u00e7as eram aquelas, que se manifestavam sem controle algum, e que os amea\u00e7avam sem raz\u00e3o?<\/em><\/p>\n<p><em>Assim, amedrontados e fr\u00e1geis que eram, s\u00f3 podiam creditar essas for\u00e7as a seres &#8220;superiores&#8221;, j\u00e1 que tais poderes n\u00e3o eram pr\u00f3prios dos representantes da Esp\u00e9cie. Diante de tantas amea\u00e7as,fazia-se imprescind\u00edvel estabelecer com aqueles &#8220;inimigos&#8221; rela\u00e7\u00f5es que os apaziguassem. Ent\u00e3o, a partir do que lhes era valioso e importante, faziam oferendas &#8211; ca\u00e7as, inimigos sacrificados, &#8211; atrav\u00e9s de rituais nos quais, respeitosamente, expressavam sua subservi\u00eancia e obedi\u00eancia. Surgiam ent\u00e3o os primeiros &#8220;deuses&#8221; &#8211; o Sol, a Lua, o vento, a tempestade&#8230; E eram aqueles &#8220;deuses&#8221; que precisavam ser apaziguados quando as coisas n\u00e3o iam bem &#8211; nos per\u00edodos de seca, na escassez de ca\u00e7a, nas amea\u00e7as de grupos inimigos&#8230;<\/em><\/p>\n<p><em>Aqui temos, portanto, as primeiras manifesta\u00e7\u00f5es da Religiosidade. N\u00e3o de &#8220;Religi\u00e3o&#8221; como hoje conhecemos, obviamente, mas de um sentimento de total respeito \u00e0queles deuses, expresso atrav\u00e9s de atos de subservi\u00eancia, expressos nos rituais primevos.<\/em><\/p>\n<p><em><img loading=\"lazy\" class=\"size-medium wp-image-515 alignleft\" src=\"http:\/\/sergiosachicompositor.com\/wp-content\/uploads\/2017\/03\/PRE4-300x198.jpg\" alt=\"PRE4\" width=\"300\" height=\"198\" \/>Amedrontados, e vendo no fogo que, ainda n\u00e3o haviam tornado submisso, uma inequ\u00edvoca manifesta\u00e7\u00e3o dos &#8220;deuses&#8221;, desenvolveram gradativamente os rituais primitivos. Com os escassos recursos dispon\u00edveis, enfeitavam-se e realizavam os rituais de dan\u00e7a ao redor das fogueiras &#8211; uma forma de homenagear os deuses que tanto os amedrontavam.<\/em><\/p>\n<p><em>S\u00e3o essas, portanto, as primeiras manifesta\u00e7\u00f5es da religiosidade humana. Est\u00e3o intrinsecamente ligadas ao surgimento, tamb\u00e9m, das primeiras manifesta\u00e7\u00f5es da musicalidade.<\/em><\/p>\n<p>&nbsp;<\/p>\n<p><em><strong>RITMO &#8211; O PRIMEIRO ELEMENTO MUSICAL<\/strong><\/em><\/p>\n<p><em>Como sabemos, a M\u00fasica se expressa atrav\u00e9s de seus 3 elementos: o Ritmo, a Melodia e a Harmonia.<\/em><\/p>\n<p><em><br \/>\nE \u00e9 dessas Eras primitivas o surgimento do primeiro desses elementos &#8211; o Ritmo.<\/em><\/p>\n<p><em><img loading=\"lazy\" class=\"size-medium wp-image-523 alignright\" src=\"http:\/\/sergiosachicompositor.com\/wp-content\/uploads\/2017\/04\/pre5-1-300x225.jpg\" alt=\"pre5\" width=\"300\" height=\"225\" \/>Segundo a Musicologia, os instrumentos musicais mais antigos, encontrados at\u00e9 hoje em s\u00edtios arqueol\u00f3gicos diversos, s\u00e3o o tambor. Alguns desses f\u00f3sseis, revelam a constru\u00e7\u00e3o dos primeiros tambores com a utiliza\u00e7\u00e3o de troncos ocos de madeira, provavelmente recoberto com peles de animais.<\/em><\/p>\n<p>&nbsp;<\/p>\n<p><em>Concluindo portanto, devemos creditar \u00e0 absoluta incompreens\u00e3o do mundo que os cercava as primeiras manifesta\u00e7\u00f5es de religiosidade e musicalidade por parte dos homens pr\u00e9-hist\u00f3ricos. \u00c9 desses per\u00edodos ancestrais, tamb\u00e9m, o surgimento do primeiro elemento musical &#8211; o Ritmo.<\/em><\/p>\n<p><em>No pr\u00f3ximo artigo, analisaremos a sofistica\u00e7\u00e3o dos rituais religiosos paralelamente \u00e0 evolu\u00e7\u00e3o da ra\u00e7a humana, com o surgimento das primeiras sociedades agro-pastor\u00eds. Veremos tamb\u00e9m o surgimento do 2o. elemento musical &#8211; a Melodia.<\/em><\/p>\n<p><strong>N\u00c3O DEIXE DE ACOMPANHAR.<\/strong><\/p>\n<p><a href=\"http:\/\/sergiosachicompositor.com\/?p=546\">PARA LER A PARTE II, CLIQUE AQUI<\/a><\/p>\n<p><a href=\"http:\/\/sergiosachicompositor.com\/?p=579\">PARA LER A PARTE III, CLIQUE AQUI<\/a><\/p>\n<p>&nbsp;<\/p>\n<p style=\"text-align: center;\"><em><strong>QUER GANHAR INTEIRAMENTE GR\u00c1TIS O E-BOOK &#8220;A CELA E O VOO&#8221;, COM TODAS AS LETRAS DAS CAN\u00c7\u00d5ES DESTE \u00daLTIMO \u00c1LBUM DE SERGIO SACHI?<\/strong><\/em><\/p>\n<p style=\"text-align: center;\"><img loading=\"lazy\" class=\"size-medium wp-image-423 aligncenter\" src=\"http:\/\/sergiosachicompositor.com\/wp-content\/uploads\/2016\/09\/capa3Dcelavoo-300x281-1-300x281-1-300x281-1-300x281-1-300x281-1-300x281-1-300x281.jpg\" alt=\"rp_capa3Dcelavoo-300x281-1-300x281-1-300x281-1-300x281-1-300x281-1-300x281.jpg\" width=\"300\" height=\"281\" \/>BASTA PREENCHER O FORMUL\u00c1RIO DO CANTO SUPERIOR DIREITO DESTA P\u00c1GINA COM SEU NOME E E-MAIL. APROVEITE!<\/p>\n<p>&nbsp;<\/p>\n<p>&nbsp;<\/p>\n<p>&nbsp;<\/p>\n<p>&nbsp;<\/p>\n<p>&nbsp;<\/p>\n<p>&nbsp;<\/p>\n<p>&nbsp;<\/p>\n","protected":false},"excerpt":{"rendered":"<p>&nbsp; INTRODU\u00c7\u00c3O A imagem ao lado, bastante conhecida, ilustra de forma objetiva alguns dos passos dados pelo Ser <a class=\"read-more\" href=\"http:\/\/sergiosachicompositor.com\/?p=516\">&#8230; Read more<\/a><\/p>\n","protected":false},"author":1,"featured_media":0,"comment_status":"open","ping_status":"open","sticky":false,"template":"","format":"standard","meta":[],"categories":[148,1],"tags":[164,150,162,163,157,149,153,165,166,156,159,161,154,151,152,155,158,143,160],"_links":{"self":[{"href":"http:\/\/sergiosachicompositor.com\/index.php?rest_route=\/wp\/v2\/posts\/516"}],"collection":[{"href":"http:\/\/sergiosachicompositor.com\/index.php?rest_route=\/wp\/v2\/posts"}],"about":[{"href":"http:\/\/sergiosachicompositor.com\/index.php?rest_route=\/wp\/v2\/types\/post"}],"author":[{"embeddable":true,"href":"http:\/\/sergiosachicompositor.com\/index.php?rest_route=\/wp\/v2\/users\/1"}],"replies":[{"embeddable":true,"href":"http:\/\/sergiosachicompositor.com\/index.php?rest_route=%2Fwp%2Fv2%2Fcomments&post=516"}],"version-history":[{"count":15,"href":"http:\/\/sergiosachicompositor.com\/index.php?rest_route=\/wp\/v2\/posts\/516\/revisions"}],"predecessor-version":[{"id":586,"href":"http:\/\/sergiosachicompositor.com\/index.php?rest_route=\/wp\/v2\/posts\/516\/revisions\/586"}],"wp:attachment":[{"href":"http:\/\/sergiosachicompositor.com\/index.php?rest_route=%2Fwp%2Fv2%2Fmedia&parent=516"}],"wp:term":[{"taxonomy":"category","embeddable":true,"href":"http:\/\/sergiosachicompositor.com\/index.php?rest_route=%2Fwp%2Fv2%2Fcategories&post=516"},{"taxonomy":"post_tag","embeddable":true,"href":"http:\/\/sergiosachicompositor.com\/index.php?rest_route=%2Fwp%2Fv2%2Ftags&post=516"}],"curies":[{"name":"wp","href":"https:\/\/api.w.org\/{rel}","templated":true}]}}