{"id":557,"date":"2017-05-26T19:10:42","date_gmt":"2017-05-26T19:10:42","guid":{"rendered":"http:\/\/sergiosachicompositor.com\/?p=557"},"modified":"2017-05-29T16:53:27","modified_gmt":"2017-05-29T16:53:27","slug":"cancoes-do-radio-letra-da-cancao-aqui","status":"publish","type":"post","link":"http:\/\/sergiosachicompositor.com\/?p=557","title":{"rendered":"&#8220;CAN\u00c7\u00d5ES DO R\u00c1DIO&#8221; &#8211; A Letra da Can\u00e7\u00e3o Aqui"},"content":{"rendered":"<p style=\"text-align: center;\"><strong>&#8220;CAN\u00c7\u00d5ES DO R\u00c1DIO&#8221;<\/strong><\/p>\n<p style=\"text-align: center;\"><em><a href=\"https:\/\/youtu.be\/ZBghT68H6Tg\" target=\"_blank\">(Clique aqu\u00ed para assistir ao v\u00eddeo)<\/a><\/em><\/p>\n<p><img loading=\"lazy\" class=\"alignnone size-medium wp-image-559 aligncenter\" src=\"http:\/\/sergiosachicompositor.com\/wp-content\/uploads\/2017\/05\/A25-300x169.jpg\" alt=\"A25\" width=\"300\" height=\"169\" \/><\/p>\n<p><em>&#8220;CAN\u00c7\u00d5ES DO R\u00c1DIO&#8221; corresponde a uma das faixas do \u00c1lbum &#8220;FIGURINO&#8221;, \u00a0o primeiro CD Solo de Sergio Sachi. Nesta can\u00e7\u00e3o, o compositor homenageia seus in\u00fameros \u00eddolos da m\u00fasica popular, tanto brasileira como internacional. S\u00e3o artistas que, direta ou indiretamente, ajudaram a forjar a linguagem de Sergio Sachi na arte da composi\u00e7\u00e3o. Veja a letra desta can\u00e7\u00e3o:<\/em><\/p>\n<p>&nbsp;<\/p>\n<p>&nbsp;<\/p>\n<p><em><strong>&#8216;CAN\u00c7\u00d5ES DO R\u00c1DIO&#8221; <\/strong>(de Sergio Sachi)<\/em><\/p>\n<p>&nbsp;<\/p>\n<p><em>Todas as can\u00e7\u00f5es do r\u00e1dio<\/em><\/p>\n<p><em>que me fizeram perder a cabe\u00e7a<\/em><\/p>\n<p><em>rodopiam na minha mem\u00f3ria como num carrossel<\/em><\/p>\n<p>&nbsp;<\/p>\n<p><em>Todas as can\u00e7\u00f5es do r\u00e1dio<\/em><\/p>\n<p><em>que me fizeram perder a cabe\u00e7a<\/em><\/p>\n<p><em>coloriram a minha hist\u00f3ria<\/em><\/p>\n<p><em>como faz o pincel na tela do pintor<\/em><\/p>\n<p>&nbsp;<\/p>\n<p><em>Eu ouvia as can\u00e7\u00f5es do r\u00e1dio<\/em><\/p>\n<p><em>e elas me faziam perder a cabe\u00e7a<\/em><\/p>\n<p><em>realizando mil revolu\u00e7\u00f5es<\/em><\/p>\n<p><em>e mil amores sem fim<\/em><\/p>\n<p>&nbsp;<\/p>\n<p><em>Eu ouvia as can\u00e7\u00f5es do r\u00e1dio<\/em><\/p>\n<p><em>e era como se nada existisse<\/em><\/p>\n<p><em>al\u00e9m dos nossos cora\u00e7\u00f5es sonhando<\/em><\/p>\n<p><em>mil sonhos afins<\/em><\/p>\n<p>&nbsp;<\/p>\n<p><em>Mas, basta que o mundo desarme suas bombas<\/em><\/p>\n<p><em>e se ligue numa r\u00e1dio universal<\/em><\/p>\n<p><em>p\u00b4ra perceber o quanto \u00e9 legal<\/em><\/p>\n<p><em>sair cantando por a\u00ed<\/em><\/p>\n<p>&nbsp;<\/p>\n<p>&nbsp;<\/p>\n<p>&nbsp;<\/p>\n<p>&nbsp;<\/p>\n<p><em>no maior astral<\/em><\/p>\n<p style=\"text-align: center;\"><strong>QUER GANHAR INTEIRAMENTE GR\u00c1TIS O E-BOO,K &#8220;A CELA E O VOO&#8221;, CONTENDO TODAS AS LETRAS DAS CAN\u00c7\u00d5ES DESTE \u00daLTIMO \u00c1LBUM DE SERGIO SACHI?<\/strong><\/p>\n<p style=\"text-align: center;\"><img loading=\"lazy\" class=\"alignnone size-medium wp-image-533\" src=\"http:\/\/sergiosachicompositor.com\/wp-content\/uploads\/2017\/04\/capa3Dcelavoo-300x281-1-300x281-1-300x281-1-300x281-1-300x281-1-300x281-1-300x281-300x281.jpg\" alt=\"rp_capa3Dcelavoo-300x281-1-300x281-1-300x281-1-300x281-1-300x281-1-300x281-1-300x281.jpg\" width=\"300\" height=\"281\" \/><\/p>\n<p style=\"text-align: center;\"><em><strong>BASTA CADASTRAR SEU NOME E ENDERE\u00c7O DE EMAIL NO FORMUL\u00c1RIO CONSTANTE NO CANTO SUPERIOR DIREITO DESTA P\u00c1GINA. APROVEITE, E RECEBA TODAS AS NOSSAS ATUALIZA\u00c7\u00d5ES!<\/strong><\/em><\/p>\n","protected":false},"excerpt":{"rendered":"<p>&#8220;CAN\u00c7\u00d5ES DO R\u00c1DIO&#8221; (Clique aqu\u00ed para assistir ao v\u00eddeo) &#8220;CAN\u00c7\u00d5ES DO R\u00c1DIO&#8221; corresponde a uma das faixas do <a class=\"read-more\" href=\"http:\/\/sergiosachicompositor.com\/?p=557\">&#8230; Read more<\/a><\/p>\n","protected":false},"author":1,"featured_media":0,"comment_status":"open","ping_status":"open","sticky":false,"template":"","format":"standard","meta":[],"categories":[193,1],"tags":[200,202,194,196,198,201,197,120,195,203,199],"_links":{"self":[{"href":"http:\/\/sergiosachicompositor.com\/index.php?rest_route=\/wp\/v2\/posts\/557"}],"collection":[{"href":"http:\/\/sergiosachicompositor.com\/index.php?rest_route=\/wp\/v2\/posts"}],"about":[{"href":"http:\/\/sergiosachicompositor.com\/index.php?rest_route=\/wp\/v2\/types\/post"}],"author":[{"embeddable":true,"href":"http:\/\/sergiosachicompositor.com\/index.php?rest_route=\/wp\/v2\/users\/1"}],"replies":[{"embeddable":true,"href":"http:\/\/sergiosachicompositor.com\/index.php?rest_route=%2Fwp%2Fv2%2Fcomments&post=557"}],"version-history":[{"count":5,"href":"http:\/\/sergiosachicompositor.com\/index.php?rest_route=\/wp\/v2\/posts\/557\/revisions"}],"predecessor-version":[{"id":564,"href":"http:\/\/sergiosachicompositor.com\/index.php?rest_route=\/wp\/v2\/posts\/557\/revisions\/564"}],"wp:attachment":[{"href":"http:\/\/sergiosachicompositor.com\/index.php?rest_route=%2Fwp%2Fv2%2Fmedia&parent=557"}],"wp:term":[{"taxonomy":"category","embeddable":true,"href":"http:\/\/sergiosachicompositor.com\/index.php?rest_route=%2Fwp%2Fv2%2Fcategories&post=557"},{"taxonomy":"post_tag","embeddable":true,"href":"http:\/\/sergiosachicompositor.com\/index.php?rest_route=%2Fwp%2Fv2%2Ftags&post=557"}],"curies":[{"name":"wp","href":"https:\/\/api.w.org\/{rel}","templated":true}]}}