{"id":604,"date":"2017-06-19T17:16:37","date_gmt":"2017-06-19T17:16:37","guid":{"rendered":"http:\/\/sergiosachicompositor.com\/?p=604"},"modified":"2018-03-03T16:51:42","modified_gmt":"2018-03-03T16:51:42","slug":"amigos-de-outro-plano-letra-original-da-cancao-e-o-link-para-o-video-no-youtube-aqui","status":"publish","type":"post","link":"http:\/\/sergiosachicompositor.com\/?p=604","title":{"rendered":"&#8220;AMIGOS DE OUTRO PLANO&#8221; &#8211; A Letra Original da Can\u00e7\u00e3o e o Link para o V\u00eddeo no Youtube &#8211; AQUI"},"content":{"rendered":"<p>&#8220;AMIGOS DE OUTRO PLANO&#8221; \u00e9 \u00a0uma can\u00e7\u00e3o de autoria de Sergio Sachi e tornou-se um dos principais hits da Banda BOLINHO DE CARNE COM BERINJELA. Foi gravada originalmente em 1.986, e regravada depois em 2.001 pelo autor, fazendo parte nesta segunda edi\u00e7\u00e3o do \u00c1lbum &#8220;Vento da Mudan\u00e7a&#8221;. Embora regravada pelo autor, sua vers\u00e3o mais conhecida e cultuada \u00e9 a primeira, com a banda, e cujo Link segue abaixo. Em ambas as vers\u00f5es, traz o inconfund\u00edvel viol\u00e3o de Sergio Sachi..<\/p>\n<p><em>MAS, antes, cadastre seu Nome e EMail e receba GR\u00c1TIS o EBook com todas as Letras das can\u00e7\u00f5es do \u00e1lbum &#8220;20 SUCESSOS&#8221; de Sergio Sachi. APROVEITE!<\/em><\/p>\n<div class=\"AW-Form-2056889287\"><\/div>\n<p style=\"text-align: center;\"><script type=\"text\/javascript\">(function(d, s, id) {\n    var js, fjs = d.getElementsByTagName(s)[0];\n    if (d.getElementById(id)) return;\n    js = d.createElement(s); js.id = id;\n    js.src = \"\/\/forms.aweber.com\/form\/87\/2056889287.js\";\n    fjs.parentNode.insertBefore(js, fjs);\n    }(document, \"script\", \"aweber-wjs-j83ks8oci\"));\n<\/script><br \/>\n<strong>&#8220;AMIGOS DE OUTRO PLANO&#8221;<\/strong><\/p>\n<p style=\"text-align: right;\"><em>De SERGIO SACHI<\/em><\/p>\n<p style=\"text-align: left;\"><a href=\"https:\/\/www.youtube.com\/watch?v=3mnbkp7rSIE\">CLIQUE AQUI PARA ACESSAR O V\u00cdDEO<\/a><\/p>\n<p style=\"text-align: left;\"><em>Vejo amigos de outro Plano<\/em><\/p>\n<p style=\"text-align: left;\"><em>que sentem no ar<\/em><\/p>\n<p style=\"text-align: left;\"><em>o odor da viol\u00eancia<\/em><\/p>\n<p style=\"text-align: left;\"><em>pronta a se instaurar<\/em><\/p>\n<p style=\"text-align: left;\"><em>Eles buscam apressados, nos nossos cora\u00e7\u00f5es,<\/em><\/p>\n<p style=\"text-align: left;\"><em>campo f\u00e9rtil, preparado, p\u00b4ra cultivar can\u00e7\u00f5es<\/em><\/p>\n<p style=\"text-align: left;\"><em>que levem, soltas ao vento,<\/em><\/p>\n<p style=\"text-align: left;\"><em>palavras belas de amor e de paz.<\/em><\/p>\n<p style=\"text-align: left;\"><em>Procuram, apressados, nos nossos cora\u00e7\u00f5es,<\/em><\/p>\n<p style=\"text-align: left;\"><em>o impulso humanit\u00e1rio em busca das transforma\u00e7\u00f5es,<\/em><\/p>\n<p style=\"text-align: left;\"><em>que vai arrebanhar gente de todas as na\u00e7\u00f5es<\/em><\/p>\n<p style=\"text-align: left;\"><em>Formigas minar\u00e3o o reino dos canh\u00f5es.<\/em><\/p>\n<p style=\"text-align: left;\"><em>Trazem na bagagem pouca<\/em><\/p>\n<p style=\"text-align: left;\"><em>toda a provis\u00e3o<\/em><\/p>\n<p style=\"text-align: left;\"><em>Querem a Humanidade louca<\/em><\/p>\n<p style=\"text-align: left;\"><em>em plena comunh\u00e3o<\/em><\/p>\n<p style=\"text-align: left;\"><em>Eles lutam, com certeza, por estabelecer<\/em><\/p>\n<p style=\"text-align: left;\"><em>onde h\u00e1 dor, \u00f3dio ou tristeza, o lume do Saber,<\/em><\/p>\n<p style=\"text-align: left;\"><em>que abre todas as portas<\/em><\/p>\n<p style=\"text-align: left;\"><em>e torna mortas as v\u00e3s ilus\u00f5es<\/em><\/p>\n<p style=\"text-align: left;\"><em>Procuram, na verdade, na m\u00e3o dada e na a\u00e7\u00e3o,<\/em><\/p>\n<p style=\"text-align: left;\"><em>o fim da crueldade, a luz da renova\u00e7\u00e3o,<\/em><\/p>\n<p style=\"text-align: left;\"><em>que em verso e poesia\u00a0<\/em><em>saberemos cantar<\/em><\/p>\n<p style=\"text-align: left;\"><em>Descobrir a alegria\u00a0<\/em><em>do ato de amar.<\/em><\/p>\n<p style=\"text-align: center;\"><strong>QUER GANHAR INTEIRAMENTE GR\u00c1TIS O E-BOOK &#8220;A CELA E O VOO&#8221; \u00a0CONTENDO TODAS AS LETRAS DAS CAN\u00c7\u00d5ES DESTE \u00c1LBUM DE SERGIO SACHI?<\/strong><\/p>\n<p style=\"text-align: center;\"><img loading=\"lazy\" class=\"alignnone size-medium wp-image-596\" src=\"http:\/\/sergiosachicompositor.com\/wp-content\/uploads\/2017\/06\/capa3Dcelavoo-300x281-1-300x281-1-300x281-1-300x281-1-300x281-1-300x281-1-300x281-300x281-300x281.jpg\" alt=\"rp_capa3Dcelavoo-300x281-1-300x281-1-300x281-1-300x281-1-300x281-1-300x281-1-300x281-300x281.jpg\" width=\"300\" height=\"281\" \/><\/p>\n<p style=\"text-align: center;\"><em><strong>BASTA CADASTRAR SEU NOME E ENDERE\u00c7O DE E-MAIL NO FORMUL\u00c1RIO DO CANTO SUPERIOR DIREITO DESTA P\u00c1GINA. CADASTRE-SE GR\u00c1TIS, E RECEBA TODAS AS ATUALIZA\u00c7\u00d5ES DESTE SITE. APROVEITE!<\/strong><\/em><\/p>\n","protected":false},"excerpt":{"rendered":"<p>&#8220;AMIGOS DE OUTRO PLANO&#8221; \u00e9 \u00a0uma can\u00e7\u00e3o de autoria de Sergio Sachi e tornou-se um dos principais hits <a class=\"read-more\" href=\"http:\/\/sergiosachicompositor.com\/?p=604\">&#8230; Read more<\/a><\/p>\n","protected":false},"author":1,"featured_media":0,"comment_status":"open","ping_status":"open","sticky":false,"template":"","format":"standard","meta":[],"categories":[1],"tags":[],"_links":{"self":[{"href":"http:\/\/sergiosachicompositor.com\/index.php?rest_route=\/wp\/v2\/posts\/604"}],"collection":[{"href":"http:\/\/sergiosachicompositor.com\/index.php?rest_route=\/wp\/v2\/posts"}],"about":[{"href":"http:\/\/sergiosachicompositor.com\/index.php?rest_route=\/wp\/v2\/types\/post"}],"author":[{"embeddable":true,"href":"http:\/\/sergiosachicompositor.com\/index.php?rest_route=\/wp\/v2\/users\/1"}],"replies":[{"embeddable":true,"href":"http:\/\/sergiosachicompositor.com\/index.php?rest_route=%2Fwp%2Fv2%2Fcomments&post=604"}],"version-history":[{"count":5,"href":"http:\/\/sergiosachicompositor.com\/index.php?rest_route=\/wp\/v2\/posts\/604\/revisions"}],"predecessor-version":[{"id":776,"href":"http:\/\/sergiosachicompositor.com\/index.php?rest_route=\/wp\/v2\/posts\/604\/revisions\/776"}],"wp:attachment":[{"href":"http:\/\/sergiosachicompositor.com\/index.php?rest_route=%2Fwp%2Fv2%2Fmedia&parent=604"}],"wp:term":[{"taxonomy":"category","embeddable":true,"href":"http:\/\/sergiosachicompositor.com\/index.php?rest_route=%2Fwp%2Fv2%2Fcategories&post=604"},{"taxonomy":"post_tag","embeddable":true,"href":"http:\/\/sergiosachicompositor.com\/index.php?rest_route=%2Fwp%2Fv2%2Ftags&post=604"}],"curies":[{"name":"wp","href":"https:\/\/api.w.org\/{rel}","templated":true}]}}