{"id":885,"date":"2018-08-21T19:21:03","date_gmt":"2018-08-21T19:21:03","guid":{"rendered":"http:\/\/sergiosachicompositor.com\/?p=885"},"modified":"2018-08-21T19:21:03","modified_gmt":"2018-08-21T19:21:03","slug":"assim-seja-uma-cancao-cujo-tema-e-esperanca","status":"publish","type":"post","link":"http:\/\/sergiosachicompositor.com\/?p=885","title":{"rendered":"&#8220;ASSIM SEJA&#8221; &#8211; Uma Can\u00e7\u00e3o Cujo Tema \u00e9 a Esperan\u00e7a"},"content":{"rendered":"<p><em>Alimentar de Esperan\u00e7a o nosso cora\u00e7\u00e3o, nos dias atuais, \u00e9 absolutamente indispens\u00e1vel. O Brasil (e o mundo) clama por Paz ante o panorama que se apresenta todos os dias, eivado por not\u00edcias e cenas de violencia e desalento. &#8220;Assim Seja&#8221; \u00e9 uma singela can\u00e7\u00e3o, ao velho estilo barroco, que aborda este tema da Esperan\u00e7a. Foi inclu\u00edda no \u00c1lbum &#8220;Vento da Mudan\u00e7a&#8221; de Sergio Sachi. Abaixo, a Letra desta can\u00e7\u00e3o e o respectivo Link para o Clipe no Youtube:<\/em><\/p>\n<p style=\"text-align: center;\"><em><a href=\"https:\/\/www.youtube.com\/watch?v=zlOND7QwxrE\">CLIQUE AQU\u00cd E ASSISTA AO CLIPE NO YOUTUBE<\/a><\/em><\/p>\n<p style=\"text-align: center;\"><strong>&#8220;ASSIM SEJA&#8221;<\/strong><\/p>\n<p style=\"text-align: right;\"><em>(De Sergio Sachi)<\/em><\/p>\n<p style=\"text-align: left;\">Nas asas do Amor<\/p>\n<p>n\u00f3s vamos montar<\/p>\n<p>e vamos sorrir por um novo tempo<\/p>\n<p>e vamos acordar<\/p>\n<p>&nbsp;<\/p>\n<p>E nos reconhecer<\/p>\n<p>e nos contemplar<\/p>\n<p>e nos completar<\/p>\n<p>&nbsp;<\/p>\n<p>Que nossos sonhos<\/p>\n<p>se tornem verdade<\/p>\n<p>na madrugada de toda a Esperan\u00e7a<\/p>\n<p>na madrugada desse novo dia<\/p>\n<p>&nbsp;<\/p>\n<p>Os homens voltando<\/p>\n<p>ao ventre materno<\/p>\n<p>e renascendo<\/p>\n<p>&nbsp;<\/p>\n<p>Assim seja.<\/p>\n","protected":false},"excerpt":{"rendered":"<p>Alimentar de Esperan\u00e7a o nosso cora\u00e7\u00e3o, nos dias atuais, \u00e9 absolutamente indispens\u00e1vel. O Brasil (e o mundo) clama <a class=\"read-more\" href=\"http:\/\/sergiosachicompositor.com\/?p=885\">&#8230; Read more<\/a><\/p>\n","protected":false},"author":1,"featured_media":879,"comment_status":"open","ping_status":"open","sticky":false,"template":"","format":"standard","meta":[],"categories":[193],"tags":[275,328,502,497,465,499,444,298,496,501,362,495,500,498],"_links":{"self":[{"href":"http:\/\/sergiosachicompositor.com\/index.php?rest_route=\/wp\/v2\/posts\/885"}],"collection":[{"href":"http:\/\/sergiosachicompositor.com\/index.php?rest_route=\/wp\/v2\/posts"}],"about":[{"href":"http:\/\/sergiosachicompositor.com\/index.php?rest_route=\/wp\/v2\/types\/post"}],"author":[{"embeddable":true,"href":"http:\/\/sergiosachicompositor.com\/index.php?rest_route=\/wp\/v2\/users\/1"}],"replies":[{"embeddable":true,"href":"http:\/\/sergiosachicompositor.com\/index.php?rest_route=%2Fwp%2Fv2%2Fcomments&post=885"}],"version-history":[{"count":1,"href":"http:\/\/sergiosachicompositor.com\/index.php?rest_route=\/wp\/v2\/posts\/885\/revisions"}],"predecessor-version":[{"id":886,"href":"http:\/\/sergiosachicompositor.com\/index.php?rest_route=\/wp\/v2\/posts\/885\/revisions\/886"}],"wp:featuredmedia":[{"embeddable":true,"href":"http:\/\/sergiosachicompositor.com\/index.php?rest_route=\/wp\/v2\/media\/879"}],"wp:attachment":[{"href":"http:\/\/sergiosachicompositor.com\/index.php?rest_route=%2Fwp%2Fv2%2Fmedia&parent=885"}],"wp:term":[{"taxonomy":"category","embeddable":true,"href":"http:\/\/sergiosachicompositor.com\/index.php?rest_route=%2Fwp%2Fv2%2Fcategories&post=885"},{"taxonomy":"post_tag","embeddable":true,"href":"http:\/\/sergiosachicompositor.com\/index.php?rest_route=%2Fwp%2Fv2%2Ftags&post=885"}],"curies":[{"name":"wp","href":"https:\/\/api.w.org\/{rel}","templated":true}]}}