{"id":889,"date":"2018-08-24T19:12:08","date_gmt":"2018-08-24T19:12:08","guid":{"rendered":"http:\/\/sergiosachicompositor.com\/?p=889"},"modified":"2018-08-24T19:12:08","modified_gmt":"2018-08-24T19:12:08","slug":"descoberta-cancao-que-deu-inicio-tudo","status":"publish","type":"post","link":"http:\/\/sergiosachicompositor.com\/?p=889","title":{"rendered":"&#8220;DESCOBERTA&#8221; &#8211; A Can\u00e7\u00e3o que deu In\u00edcio a Tudo"},"content":{"rendered":"<p><em>Foi com a can\u00e7\u00e3o &#8220;Descoberta&#8221; que Sergio Sachi iniciou efetivamente sua carreira, no in\u00edcio da d\u00e9cada de 1.980.Antes disso, participou de Festivais estudant\u00eds,, escreveu trilhas sonoras para pe\u00e7as teatrais, mas foi com esta can\u00e7\u00e3o que sua carreira atingiu novo n\u00edvel. Apresentada pela primeira vez no I FECEF, na cidade de Franca e, meses depois, no Festival da MPB tamb\u00e9m naquela cidade do Interior paulista, a can\u00e7\u00e3o proporcionou ao compositor um honroso 3o. Lugar, conferindo tamb\u00e9m \u00e0 cantora BICI o premio de Melhor Int\u00e9rprete. No palco, os primeiros integrantes do Grupo &#8220;Bolinho de Carne com Berinjela&#8221; marcaram presen\u00e7a. O conjunto, ap\u00f3s idas e vindas com novos integrantes, ganhou forma mais definitiva no ano de 1.982, iniciando sua carreira de shows memor\u00e1veis, participa\u00e7\u00f5es em Projetos e tudo o mais. &#8220;Descoberta&#8221; foi inclu\u00edda no Vinil &#8220;TUDO&#8221;. No \u00e1udio (Link abaixo), voc\u00ea notar\u00e1 inclusive a presen\u00e7a de um brilhante quarteto de cordas, com arranjo de Marcelo Guelfi. Abaixo, o Link para o v\u00eddeo no Youtube e a Letra desta can\u00e7p\u00e3o:<\/em><\/p>\n<p style=\"text-align: center;\"><strong>&#8220;DESCOBERTA&#8221;<\/strong><\/p>\n<p style=\"text-align: right;\"><em>(De Sergio Sachi\/C.Vasconcellos)<\/em><\/p>\n<p style=\"text-align: center;\"><em><a href=\"https:\/\/youtu.be\/4bP2SBJAus4\">CLIQUE AQU\u00cd PARA OUVIR E ASSISTRI AO CLIPE<\/a><\/em><\/p>\n<p style=\"text-align: left;\">Era um dia t\u00e3o lindo e eu n\u00e3o sabia onde<\/p>\n<p>e nem como cantar<\/p>\n<p>Era eu caminhando assim como a jangada<\/p>\n<p>no balan\u00e7o do mar<\/p>\n<p>Era um sol t\u00e3o bonito e minhas m\u00e3os n\u00e3o sabiam<\/p>\n<p>que podiam tocar<\/p>\n<p>Era um sol t\u00e3o brilhante e eu nem mesmo sabia<\/p>\n<p>que podia enxergar<\/p>\n<p>&nbsp;<\/p>\n<p>Eu estava s\u00f3<\/p>\n<p>na noite do sil\u00eancio<\/p>\n<p>sem brilho de estrelas a iluminar<\/p>\n<p>No canto, s\u00f3 lamento,<\/p>\n<p>viola emudecida<\/p>\n<p>Era s\u00f3 medo no o9lhar<\/p>\n<p>&nbsp;<\/p>\n<p>Era a solid\u00e3o<\/p>\n<p>a me acompanhar<\/p>\n<p>e a sombra da ang\u00fastia de n\u00e3o saber<\/p>\n<p>De me sentir ausente,<\/p>\n<p>disperso em minha hist\u00f3ria,<\/p>\n<p>sem sonho algum p\u00b4ra contar<\/p>\n<p>&nbsp;<\/p>\n<p>Hoje eu quero ter<\/p>\n<p>nos olhos a clareza<\/p>\n<p>ao longo dessa estrada a percorrer<\/p>\n<p>e ver a Realidade<\/p>\n<p>sem mitos, sem mist\u00e9rios,<\/p>\n<p>Quero o mundo viver<\/p>\n<p>&nbsp;<\/p>\n<p>Tantos ainda esperam<\/p>\n<p>nas aldeias, na agonia,<\/p>\n<p>no sil\u00eancio adormecido dos cora\u00e7\u00f5es<\/p>\n<p>Muitos, s\u00f3 esperam,<\/p>\n<p>inertes, na neblina,<\/p>\n<p>um Sol imenso brilhar.<\/p>\n","protected":false},"excerpt":{"rendered":"<p>Foi com a can\u00e7\u00e3o &#8220;Descoberta&#8221; que Sergio Sachi iniciou efetivamente sua carreira, no in\u00edcio da d\u00e9cada de 1.980.Antes <a class=\"read-more\" href=\"http:\/\/sergiosachicompositor.com\/?p=889\">&#8230; Read more<\/a><\/p>\n","protected":false},"author":1,"featured_media":888,"comment_status":"open","ping_status":"open","sticky":false,"template":"","format":"standard","meta":[],"categories":[193],"tags":[471,305,517,518,508,512,506,261,201,503,395,343,504,266,507,513,505,367,515,522,521,120,523,511,469,520,401,510,332,339,516,519,509,514],"_links":{"self":[{"href":"http:\/\/sergiosachicompositor.com\/index.php?rest_route=\/wp\/v2\/posts\/889"}],"collection":[{"href":"http:\/\/sergiosachicompositor.com\/index.php?rest_route=\/wp\/v2\/posts"}],"about":[{"href":"http:\/\/sergiosachicompositor.com\/index.php?rest_route=\/wp\/v2\/types\/post"}],"author":[{"embeddable":true,"href":"http:\/\/sergiosachicompositor.com\/index.php?rest_route=\/wp\/v2\/users\/1"}],"replies":[{"embeddable":true,"href":"http:\/\/sergiosachicompositor.com\/index.php?rest_route=%2Fwp%2Fv2%2Fcomments&post=889"}],"version-history":[{"count":1,"href":"http:\/\/sergiosachicompositor.com\/index.php?rest_route=\/wp\/v2\/posts\/889\/revisions"}],"predecessor-version":[{"id":892,"href":"http:\/\/sergiosachicompositor.com\/index.php?rest_route=\/wp\/v2\/posts\/889\/revisions\/892"}],"wp:featuredmedia":[{"embeddable":true,"href":"http:\/\/sergiosachicompositor.com\/index.php?rest_route=\/wp\/v2\/media\/888"}],"wp:attachment":[{"href":"http:\/\/sergiosachicompositor.com\/index.php?rest_route=%2Fwp%2Fv2%2Fmedia&parent=889"}],"wp:term":[{"taxonomy":"category","embeddable":true,"href":"http:\/\/sergiosachicompositor.com\/index.php?rest_route=%2Fwp%2Fv2%2Fcategories&post=889"},{"taxonomy":"post_tag","embeddable":true,"href":"http:\/\/sergiosachicompositor.com\/index.php?rest_route=%2Fwp%2Fv2%2Ftags&post=889"}],"curies":[{"name":"wp","href":"https:\/\/api.w.org\/{rel}","templated":true}]}}