{"id":894,"date":"2018-08-24T19:51:56","date_gmt":"2018-08-24T19:51:56","guid":{"rendered":"http:\/\/sergiosachicompositor.com\/?p=894"},"modified":"2018-08-24T19:51:56","modified_gmt":"2018-08-24T19:51:56","slug":"o-retorno-dos-naufragos-faixa-titulo-do-2o-album-do-grupo-bolinho","status":"publish","type":"post","link":"http:\/\/sergiosachicompositor.com\/?p=894","title":{"rendered":"&#8220;O RETORNO DOS N\u00c1UFRAGOS&#8221; &#8211; Faixa-t\u00edtulo do 2o.\u00c1lbum do Grupo &#8220;Bolinho&#8221;"},"content":{"rendered":"<p><em>Lan\u00e7ado em 2.004, o \u00c1lbum &#8220;O Retorno dos N\u00e1ufragos&#8221;\u00a0 marcou a reuni\u00e3o dos integrantes do Grupo &#8220;Bolinho de Carne com Berinjela&#8221; para a elabora\u00e7\u00e3o de um novo trabalho. Sem aspira\u00e7\u00f5es \u00e0 continuidade, o \u00c1lbum reuniu 11 can\u00e7\u00f5es que j\u00e1 integravam o repert\u00f3rio da Banda que ainda n\u00e3o haviam sido alvo de registro. Para esta nova Produ\u00e7\u00e3o, Sergio Sachi escreveu esta can\u00e7\u00e3o fazendo alus\u00e3o \u00e0 capa do \u00c1lbum &#8220;Tudo&#8221;, que trazia a imagem de um fr\u00e1gil barcquinho de jornal navegando em um &#8220;mar de tudo&#8221;. Nesta can\u00e7\u00e3o, as pinceladas da velha e boa irrever\u00eancia da Banda &#8211; uma das suas marcas registradas. Abaixo, a Letra da can\u00e7\u00e3o e o Link para o v\u00eddeo no Youtube:<\/em><\/p>\n<p style=\"text-align: center;\"><strong>&#8220;O RETORNO DOS N\u00c1UFRAGOS&#8221;<\/strong><\/p>\n<p style=\"text-align: right;\"><em>(De Sergio Sachi)<\/em><\/p>\n<p style=\"text-align: center;\"><em><a href=\"https:\/\/youtu.be\/SX4J5aG9Zk0\">OU\u00c7A &#8220;O RETORNO DOS N\u00c1UFRAGOS&#8221; A ASSISTA AO CLIPE CLICANDO AQU\u00cd<\/a><\/em><\/p>\n<p style=\"text-align: left;\">Faiz argum tempo n\u00f3is partimo num criz\u00earo<\/p>\n<p>pois n\u00f3is queria naveg\u00e1 o mundo int\u00earo<\/p>\n<p>mais do horizonte um vento forte e trai\u00e7o\u00earo<\/p>\n<p>sem avis\u00e1, encapot\u00f4<\/p>\n<p>nosso vel\u00earo<\/p>\n<p>&nbsp;<\/p>\n<p>Dispois de d\u00e1 cos burro n\u00e1gua, afundamo<\/p>\n<p>No gargarejo, engolimo o oceano<\/p>\n<p>O &#8220;Elizeu&#8221; feiz malogr\u00e1 os nosso plano<\/p>\n<p>Por causa dele, n\u00f3is quase<\/p>\n<p>desencarnamo<\/p>\n<p>&nbsp;<\/p>\n<p>Um vagalh\u00e3o de \u00e1gua verde e bem moiada<\/p>\n<p>nos deu um tranco, e num baita sobressarto,<\/p>\n<p>nos arrast\u00f4 int\u00e9 uma ilhota no mar arto<\/p>\n<p>Desembarcamo numa ilha<\/p>\n<p>desabitada<\/p>\n<p>&nbsp;<\/p>\n<p>N\u00f3is fiquemo l\u00e1 na ilha, que sufoco!<\/p>\n<p>Fiquemo quebrando coco<\/p>\n<p>sem sab\u00ea como vort\u00e1<\/p>\n<p>&nbsp;<\/p>\n<p>Fiquemo martrapilho feito alma penada,<\/p>\n<p>mais bem aos p\u00f4co, constru\u00edmo uma jangada,<\/p>\n<p>subimo nela, e dispois dumas bra\u00e7ada,<\/p>\n<p>\u00f3i n\u00f3is de novo com as nossa<\/p>\n<p>paia\u00e7ada<\/p>\n<p>&nbsp;<\/p>\n<p>C\u00ea que nos orve, receba de antem\u00e3o<\/p>\n<p>um abra\u00e7o forte desse nosso cora\u00e7\u00e3o<\/p>\n<p>porque n\u00f3is qu\u00e9 ponh\u00e1 de novo o\u00a0 p\u00e9 na estrada<\/p>\n<p>e faz\u00ea um &#8220;bolinho&#8221;<\/p>\n<p>com poesia<\/p>\n<p>e risada.<\/p>\n","protected":false},"excerpt":{"rendered":"<p>Lan\u00e7ado em 2.004, o \u00c1lbum &#8220;O Retorno dos N\u00e1ufragos&#8221;\u00a0 marcou a reuni\u00e3o dos integrantes do Grupo &#8220;Bolinho de <a class=\"read-more\" href=\"http:\/\/sergiosachicompositor.com\/?p=894\">&#8230; Read more<\/a><\/p>\n","protected":false},"author":1,"featured_media":0,"comment_status":"open","ping_status":"open","sticky":false,"template":"","format":"standard","meta":[],"categories":[193],"tags":[541,534,539,269,540,528,538,297,524,533,531,343,529,296,537,536,507,336,120,525,530,532,286,542,263,535,527,526],"_links":{"self":[{"href":"http:\/\/sergiosachicompositor.com\/index.php?rest_route=\/wp\/v2\/posts\/894"}],"collection":[{"href":"http:\/\/sergiosachicompositor.com\/index.php?rest_route=\/wp\/v2\/posts"}],"about":[{"href":"http:\/\/sergiosachicompositor.com\/index.php?rest_route=\/wp\/v2\/types\/post"}],"author":[{"embeddable":true,"href":"http:\/\/sergiosachicompositor.com\/index.php?rest_route=\/wp\/v2\/users\/1"}],"replies":[{"embeddable":true,"href":"http:\/\/sergiosachicompositor.com\/index.php?rest_route=%2Fwp%2Fv2%2Fcomments&post=894"}],"version-history":[{"count":1,"href":"http:\/\/sergiosachicompositor.com\/index.php?rest_route=\/wp\/v2\/posts\/894\/revisions"}],"predecessor-version":[{"id":895,"href":"http:\/\/sergiosachicompositor.com\/index.php?rest_route=\/wp\/v2\/posts\/894\/revisions\/895"}],"wp:attachment":[{"href":"http:\/\/sergiosachicompositor.com\/index.php?rest_route=%2Fwp%2Fv2%2Fmedia&parent=894"}],"wp:term":[{"taxonomy":"category","embeddable":true,"href":"http:\/\/sergiosachicompositor.com\/index.php?rest_route=%2Fwp%2Fv2%2Fcategories&post=894"},{"taxonomy":"post_tag","embeddable":true,"href":"http:\/\/sergiosachicompositor.com\/index.php?rest_route=%2Fwp%2Fv2%2Ftags&post=894"}],"curies":[{"name":"wp","href":"https:\/\/api.w.org\/{rel}","templated":true}]}}