{"id":920,"date":"2018-09-14T19:28:18","date_gmt":"2018-09-14T19:28:18","guid":{"rendered":"http:\/\/sergiosachicompositor.com\/?p=920"},"modified":"2018-09-14T19:31:51","modified_gmt":"2018-09-14T19:31:51","slug":"o-desafio-de-tercio-lupercio-com-grupo-bolinho-de-carne-com-berinjela-espirituoso","status":"publish","type":"post","link":"http:\/\/sergiosachicompositor.com\/?p=920","title":{"rendered":"&#8220;O DESAFIO DE T\u00c9RCIO &#038; LUP\u00c9RCIO&#8221; &#8211; Com Grupo BOLINHO DE CARNE COM BERINJELA (&#8220;ESPIRITUOSO&#8221;)"},"content":{"rendered":"<p><em>Neste divertido desafio, o compositor Sergio Sachi nos remete \u00e0 saudosa dupla caipira paulista ALVARENGA &amp; RANCHINHO. Talvez desconhecida das novas gera\u00e7\u00f5es, essa divertida dupla embalava e divertia multid\u00f5es no in\u00edcio da d\u00e9cada de 1.960, com suas m\u00fasicas sat\u00edricas e extremamente engra\u00e7adas. Esta faixa integra o \u00c1lbum &#8220;O RETORNO DOS N\u00c1UFRAGOS&#8221;, do Grupo &#8220;Bolinho de Carne com Berinjhela&#8221; (atual &#8220;Espirituoso&#8221;). Abaixo, a letra deste desafio na \u00edntegra:<\/em><\/p>\n<p style=\"text-align: center;\"><strong>&#8220;O DESAFIO DE T\u00c9RCIO &amp; LUP\u00c9RCIO&#8221;<\/strong><\/p>\n<p style=\"text-align: right;\"><em>(M\u00fasica de SERGIO SACHI)<\/em><\/p>\n<p style=\"text-align: center;\"><a href=\"https:\/\/www.youtube.com\/watch?v=lX97TUXxIAg\" target=\"_blank\" rel=\"noopener\">CLIQUE AQU\u00cd E ASSISTA AO CLIP NO YOUTUBE<\/a><\/p>\n<p style=\"text-align: left;\">Ol\u00e1 meu povo amado,<\/p>\n<p>alegra-nos aqu\u00ed estar<\/p>\n<p>A todos muito obrigado<\/p>\n<p>por ouvir nosso cantar<\/p>\n<p>Mas n\u00e3o somos apressados,<\/p>\n<p>e antes de come\u00e7ar,<\/p>\n<p>como somos educados,<\/p>\n<p>precisamos nos mostrar<\/p>\n<p>&nbsp;<\/p>\n<p>N\u00f3s somos dois sujeitos<\/p>\n<p>de comportamento exemplar<\/p>\n<p>cultivamos o respeito<\/p>\n<p>e o elogio no linguajar<\/p>\n<p>Condenamos o despeito,<\/p>\n<p>e a mod\u00e9stia \u00e9 nosso par<\/p>\n<p>N\u00e3o temos nenhum defeito,<\/p>\n<p>e vamnos nos apresentar<\/p>\n<p>&nbsp;<\/p>\n<p><strong>T\u00c9RCIO\u00a0<\/strong><em>&#8211; Meu nome de batismo \u00e9 T\u00e9rcio,<\/em><\/p>\n<p><em>Gosto muito de cantar<\/em><\/p>\n<p><em>Eu canto em prosa e verso,<\/em><\/p>\n<p><em>canto mesmo apesar<\/em><\/p>\n<p><em>de o meu parceiro Lup\u00e9rcio<\/em><\/p>\n<p><em>grunhir e desafinar<\/em><\/p>\n<p><em>Ficasse l\u00e1 no seu com\u00e9rcio<\/em><\/p>\n<p><em>e o mundo ia se aliviar!<\/em><\/p>\n<p>&nbsp;<\/p>\n<p><strong>LUP\u00c9RCIO &#8211; <\/strong>Ele qu\u00e9 o desafio<\/p>\n<p>mas grande \u00e9 nossa amizade<\/p>\n<p>e eu num v\u00f4 d\u00e1 nem um pio,<\/p>\n<p>s\u00f3 v\u00f4 diz\u00ea a verdade:<\/p>\n<p>t\u00fa num passa dum vadio<\/p>\n<p>metido a sumidade<\/p>\n<p>Teu pai, tua m\u00e3e, teus tio<\/p>\n<p>t\u00eam a mesma dificurdade!<\/p>\n<p>&nbsp;<\/p>\n<p><em>J\u00e1 que t\u00fa me desafi\u00f4,<\/em><\/p>\n<p><em>eu v\u00f4 s\u00ea bem delicado,<\/em><\/p>\n<p><em>n\u00e3o v\u00f4 diz\u00ea qui teu v\u00f4<\/em><\/p>\n<p><em>era um v\u00e9io bem safado,<\/em><\/p>\n<p><em>fedia que era um horror,<\/em><\/p>\n<p><em>tinha um chul\u00e9 desgra\u00e7ado<\/em><\/p>\n<p><em>Foi dele que t\u00fa herd\u00f4<\/em><\/p>\n<p><em>o ch\u00earo de porco cevado<\/em><\/p>\n<p>&nbsp;<\/p>\n<p>Tem um porco no meu quintar,<\/p>\n<p>o nome dele \u00e9 Zul\u00fa<\/p>\n<p>\u00c9 um bicho bem normar<\/p>\n<p>se contenta com ang\u00fa<\/p>\n<p>e nem pensa que \u00e9 o tar,<\/p>\n<p>portanto num \u00e9 como t\u00fa<\/p>\n<p>que fede e ch\u00eara mar,<\/p>\n<p>e \u00e9 feio feito urub\u00fa!<\/p>\n<p>&nbsp;<\/p>\n<p><em>De fei\u00fara, t\u00fa entende,<\/em><\/p>\n<p><em>basta si oi\u00e1 no esp\u00eaio &#8211;<\/em><\/p>\n<p><em>a cabe\u00e7a num aceita o pente<\/em><\/p>\n<p><em>quar c\u00f4co rachado ao meio<\/em><\/p>\n<p><em>T\u00fa \u00e9 m\u00earmo diferente &#8211;<\/em><\/p>\n<p><em>misto de burro e coelho,<\/em><\/p>\n<p><em>Deus s\u00f3 lhe deix\u00f4 os dente,<\/em><\/p>\n<p><em>pra t\u00fa num fic\u00e1 mais feio!<\/em><\/p>\n<p>S\u00f4 feio mais tenho ci\u00eancia:<\/p>\n<p>evoluir \u00e9 um processo lento<\/p>\n<p>mais teu caso \u00e9 uma indec\u00eancia,<\/p>\n<p>e por voc\u00ea eu lamento<\/p>\n<p>Que Deus tenha paci\u00eancia,<\/p>\n<p>lhe d\u00ea luz ao pensamento<\/p>\n<p>T\u00fa carece de intelig\u00eancia<\/p>\n<p>e \u00e9 burro feito u m jumento!<\/p>\n<p>&nbsp;<\/p>\n<p><em>O jumento \u00e9, do mundo,<\/em><\/p>\n<p><em>o bicho mais prestimoso<\/em><\/p>\n<p><em>trabaia muito e vai fundo<\/em><\/p>\n<p><em>no seu esfor\u00e7o honroso<\/em><\/p>\n<p><em>Num \u00e9 como o meu amigo<\/em><\/p>\n<p><em>rotundo e t\u00e3o presun\u00e7oso<\/em><\/p>\n<p><em>qui \u00e9 um baita vagabundo,<\/em><\/p>\n<p><em>vadio e pregui\u00e7oso!<\/em><\/p>\n<p>&nbsp;<\/p>\n<p>O descanso \u00e9 muito bom<\/p>\n<p>si \u00e9 fruto duma jornada<\/p>\n<p>Nele, apuro o dom<\/p>\n<p>de cant\u00e1 muitas toadas<\/p>\n<p>T\u00fa n\u00e3o reconhece o som<\/p>\n<p>sequer de viola quebrada<\/p>\n<p>s\u00f3 canta fora do tom<\/p>\n<p>e tem voz bem esgani\u00e7ada!<\/p>\n<p>&nbsp;<\/p>\n<p><em>Adeus minha gente amiga<\/em><\/p>\n<p><em>Mostramos: somos do Bem<\/em><\/p>\n<p><em>N\u00f3is num gostamo de briga,<\/em><\/p>\n<p><em>e as virtude s\u00e3o mais de cem<\/em><\/p>\n<p><em>Duas delas s\u00e3o bem antiga<\/em><\/p>\n<p><em>no nosso cora\u00e7\u00e3o zen:<\/em><\/p>\n<p><em>a mintira \u00e9 nossa inimiga<\/em><\/p>\n<p><em>e n\u00f3is num fala m\u00e1r de ningu\u00e9m!<\/em><\/p>\n<p>&nbsp;<\/p>\n","protected":false},"excerpt":{"rendered":"<p>Neste divertido desafio, o compositor Sergio Sachi nos remete \u00e0 saudosa dupla caipira paulista ALVARENGA &amp; RANCHINHO. Talvez <a class=\"read-more\" href=\"http:\/\/sergiosachicompositor.com\/?p=920\">&#8230; Read more<\/a><\/p>\n","protected":false},"author":1,"featured_media":922,"comment_status":"open","ping_status":"open","sticky":false,"template":"","format":"standard","meta":[],"categories":[193],"tags":[567,568,528,538,563,564,312,574,549,572,566,570,571,569,573,565,514],"_links":{"self":[{"href":"http:\/\/sergiosachicompositor.com\/index.php?rest_route=\/wp\/v2\/posts\/920"}],"collection":[{"href":"http:\/\/sergiosachicompositor.com\/index.php?rest_route=\/wp\/v2\/posts"}],"about":[{"href":"http:\/\/sergiosachicompositor.com\/index.php?rest_route=\/wp\/v2\/types\/post"}],"author":[{"embeddable":true,"href":"http:\/\/sergiosachicompositor.com\/index.php?rest_route=\/wp\/v2\/users\/1"}],"replies":[{"embeddable":true,"href":"http:\/\/sergiosachicompositor.com\/index.php?rest_route=%2Fwp%2Fv2%2Fcomments&post=920"}],"version-history":[{"count":1,"href":"http:\/\/sergiosachicompositor.com\/index.php?rest_route=\/wp\/v2\/posts\/920\/revisions"}],"predecessor-version":[{"id":921,"href":"http:\/\/sergiosachicompositor.com\/index.php?rest_route=\/wp\/v2\/posts\/920\/revisions\/921"}],"wp:featuredmedia":[{"embeddable":true,"href":"http:\/\/sergiosachicompositor.com\/index.php?rest_route=\/wp\/v2\/media\/922"}],"wp:attachment":[{"href":"http:\/\/sergiosachicompositor.com\/index.php?rest_route=%2Fwp%2Fv2%2Fmedia&parent=920"}],"wp:term":[{"taxonomy":"category","embeddable":true,"href":"http:\/\/sergiosachicompositor.com\/index.php?rest_route=%2Fwp%2Fv2%2Fcategories&post=920"},{"taxonomy":"post_tag","embeddable":true,"href":"http:\/\/sergiosachicompositor.com\/index.php?rest_route=%2Fwp%2Fv2%2Ftags&post=920"}],"curies":[{"name":"wp","href":"https:\/\/api.w.org\/{rel}","templated":true}]}}